{"id":1570,"date":"2020-09-17T22:11:50","date_gmt":"2020-09-17T21:11:50","guid":{"rendered":"https:\/\/piensoluegoviajo.com\/?p=1570"},"modified":"2025-01-14T07:58:34","modified_gmt":"2025-01-14T06:58:34","slug":"vamos-a-volar","status":"publish","type":"post","link":"https:\/\/piensoluegoviajo.com\/index.php\/2020\/09\/17\/vamos-a-volar\/","title":{"rendered":"\u00a1Vamos a volar!"},"content":{"rendered":"\n<p class=\"has-text-align-justify\">S\u00ed, es cierto, si el covid no nos lo impide, este a\u00f1o 2020 tambi\u00e9n vamos a volar en avi\u00f3n. Casi tengo mariposas en el est\u00f3mago de pensarlo.<br>Sabemos que hay que tomar precauciones en todas partes y que subir en avi\u00f3n da algo de yuyu porque la distancia entre personas es m\u00ednima, pero necesitamos viajar y hacerlo de una manera que sintamos la sensaci\u00f3n de que nos vamos m\u00e1s lejos, de que este a\u00f1o tambi\u00e9n volamos.<br>Cuando est\u00e1s acostumbrado a irte a la otra punta del planeta y, cuando est\u00e1s volviendo de un pa\u00eds, ya est\u00e1s so\u00f1ando con el siguiente destino, cuando has hecho listas con tus favoritos, los que no te quieres perder, cuando los has ordenado seg\u00fan tus preferencias, has hecho planes en tu cabeza y de repente llega esta pandemia y lo paraliza todo, en nuestras mentes se instala la idea de \u00abun a\u00f1o perdido\u00bb.<br>Observo que, conforme se avanza en edad, se tienen menos ganas de hacer un viaje largo en avi\u00f3n. Las piernas se hinchan y el vuelo se hace pesado.<br>Es por ello que somos de la opini\u00f3n de que hay que hacer los viajes largos cuando el cuerpo aguanta y dejar los sitios m\u00e1s cercanos para cuando te pesan los a\u00f1os.<br>As\u00ed que este a\u00f1o que ya ten\u00edamos nuestra vista puesta en Per\u00fa, tuvimos que darle un giro tremendo a nuestros sue\u00f1os.<br>Tenemos la gran suerte de vivir en un pa\u00eds precioso con multitud de paisajes, poblaciones y gastronom\u00eda diferentes que nos permiten planes muy diversos, as\u00ed que no nos podemos quejar. Estamos encantados de haber cogido el coche y haber recorrido las R\u00edas Bajas, Oporto y C\u00e1diz en el mes de julio pero, ahora que nos quedan unos poquitos d\u00edas, ten\u00edamos el runr\u00fan de viajar en avi\u00f3n.<\/p>\n\n\n\n<figure class=\"wp-block-gallery aligncenter has-nested-images columns-default is-cropped wp-block-gallery-1 is-layout-flex wp-block-gallery-is-layout-flex\">\n<figure class=\"wp-block-image size-large\"><a href=\"https:\/\/piensoluegoviajo.com\/wp-content\/uploads\/2020\/09\/35880282636_f0bfd1a145_k.jpg\" data-rel=\"lightbox-image-0\" data-rl_title=\"\" data-rl_caption=\"\" title=\"\"><img decoding=\"async\" width=\"1024\" height=\"681\" data-id=\"1569\" src=\"https:\/\/piensoluegoviajo.com\/wp-content\/uploads\/2020\/09\/35880282636_f0bfd1a145_k-1024x681.jpg\" alt=\"\" class=\"wp-image-1569\" srcset=\"https:\/\/piensoluegoviajo.com\/wp-content\/uploads\/2020\/09\/35880282636_f0bfd1a145_k-1024x681.jpg 1024w, https:\/\/piensoluegoviajo.com\/wp-content\/uploads\/2020\/09\/35880282636_f0bfd1a145_k-300x200.jpg 300w, https:\/\/piensoluegoviajo.com\/wp-content\/uploads\/2020\/09\/35880282636_f0bfd1a145_k-768x511.jpg 768w, https:\/\/piensoluegoviajo.com\/wp-content\/uploads\/2020\/09\/35880282636_f0bfd1a145_k-1536x1022.jpg 1536w, https:\/\/piensoluegoviajo.com\/wp-content\/uploads\/2020\/09\/35880282636_f0bfd1a145_k-840x560.jpg 840w, https:\/\/piensoluegoviajo.com\/wp-content\/uploads\/2020\/09\/35880282636_f0bfd1a145_k-120x80.jpg 120w, https:\/\/piensoluegoviajo.com\/wp-content\/uploads\/2020\/09\/35880282636_f0bfd1a145_k-360x240.jpg 360w, https:\/\/piensoluegoviajo.com\/wp-content\/uploads\/2020\/09\/35880282636_f0bfd1a145_k-600x400.jpg 600w, https:\/\/piensoluegoviajo.com\/wp-content\/uploads\/2020\/09\/35880282636_f0bfd1a145_k.jpg 2048w\" sizes=\"(max-width: 1024px) 100vw, 1024px\" \/><\/a><\/figure>\n<\/figure>\n\n\n\n<p class=\"has-text-align-justify\">\u00a1As\u00ed que, Canarias, all\u00e1 vamos! Os adelantamos que nuestro pr\u00f3ximo destino ser\u00e1n Tenerife y La Palma que por supuesto os contaremos a la vuelta. Cruzamos los dedos para que nada se tuerza y al fin podamos volar en este 2020.<\/p>\n","protected":false},"excerpt":{"rendered":"<p>S\u00ed, es cierto, si el covid no nos lo impide, este a\u00f1o 2020 tambi\u00e9n vamos a volar en avi\u00f3n. Casi tengo mariposas en el est\u00f3mago de pensarlo.<br \/>\nSabemos que hay que tomar precauciones en todas partes y que subir en avi\u00f3n da algo de yuyu porque la distancia entre personas es m\u00ednima, pero necesitamos viajar y hacerlo de una manera que sintamos la sensaci\u00f3n de que nos vamos m\u00e1s lejos, de que este a\u00f1o tambi\u00e9n volamos.<\/p>\n","protected":false},"author":1,"featured_media":1568,"comment_status":"open","ping_status":"open","sticky":false,"template":"","format":"standard","meta":{"footnotes":""},"categories":[6],"tags":[],"class_list":["post-1570","post","type-post","status-publish","format-standard","has-post-thumbnail","hentry","category-reflexiones"],"yoast_head":"<!-- This site is optimized with the Yoast SEO plugin v27.3 - https:\/\/yoast.com\/product\/yoast-seo-wordpress\/ -->\n<title>\u00a1Vamos a volar!<\/title>\n<meta name=\"description\" content=\"S\u00ed, es cierto, si el covid no nos lo impide, este a\u00f1o 2020 tambi\u00e9n vamos a volar en avi\u00f3n. Casi tengo mariposas en el est\u00f3mago de pensarlo.\" \/>\n<meta name=\"robots\" content=\"index, follow, max-snippet:-1, max-image-preview:large, max-video-preview:-1\" \/>\n<link rel=\"canonical\" href=\"https:\/\/piensoluegoviajo.com\/index.php\/2020\/09\/17\/vamos-a-volar\/\" \/>\n<meta property=\"og:locale\" content=\"es_ES\" \/>\n<meta property=\"og:type\" content=\"article\" \/>\n<meta property=\"og:title\" content=\"\u00a1Vamos a volar!\" \/>\n<meta property=\"og:description\" content=\"S\u00ed, es cierto, si el covid no nos lo impide, este a\u00f1o 2020 tambi\u00e9n vamos a volar en avi\u00f3n. Casi tengo mariposas en el est\u00f3mago de pensarlo.\" \/>\n<meta property=\"og:url\" content=\"https:\/\/piensoluegoviajo.com\/index.php\/2020\/09\/17\/vamos-a-volar\/\" \/>\n<meta property=\"og:site_name\" content=\"Pienso, luego viajo\" \/>\n<meta property=\"article:publisher\" content=\"https:\/\/www.facebook.com\/Pienso-luego-viajo-2054187354896918\" \/>\n<meta property=\"article:published_time\" content=\"2020-09-17T21:11:50+00:00\" \/>\n<meta property=\"article:modified_time\" content=\"2025-01-14T06:58:34+00:00\" \/>\n<meta property=\"og:image\" content=\"https:\/\/piensoluegoviajo.com\/wp-content\/uploads\/2020\/09\/aircraft-1499171_1920.jpg\" \/>\n\t<meta property=\"og:image:width\" content=\"1920\" \/>\n\t<meta property=\"og:image:height\" content=\"575\" \/>\n\t<meta property=\"og:image:type\" content=\"image\/jpeg\" \/>\n<meta name=\"author\" content=\"Pienso, luego viajo\" \/>\n<meta name=\"twitter:card\" content=\"summary_large_image\" \/>\n<meta name=\"twitter:label1\" content=\"Escrito por\" \/>\n\t<meta name=\"twitter:data1\" content=\"Pienso, luego viajo\" \/>\n\t<meta name=\"twitter:label2\" content=\"Tiempo de lectura\" \/>\n\t<meta name=\"twitter:data2\" content=\"2 minutos\" \/>\n<script type=\"application\/ld+json\" class=\"yoast-schema-graph\">{\"@context\":\"https:\\\/\\\/schema.org\",\"@graph\":[{\"@type\":\"Article\",\"@id\":\"https:\\\/\\\/piensoluegoviajo.com\\\/index.php\\\/2020\\\/09\\\/17\\\/vamos-a-volar\\\/#article\",\"isPartOf\":{\"@id\":\"https:\\\/\\\/piensoluegoviajo.com\\\/index.php\\\/2020\\\/09\\\/17\\\/vamos-a-volar\\\/\"},\"author\":{\"name\":\"Pienso, luego viajo\",\"@id\":\"https:\\\/\\\/piensoluegoviajo.com\\\/#\\\/schema\\\/person\\\/37b3e411611028c0a504363bb2898d45\"},\"headline\":\"\u00a1Vamos a volar!\",\"datePublished\":\"2020-09-17T21:11:50+00:00\",\"dateModified\":\"2025-01-14T06:58:34+00:00\",\"mainEntityOfPage\":{\"@id\":\"https:\\\/\\\/piensoluegoviajo.com\\\/index.php\\\/2020\\\/09\\\/17\\\/vamos-a-volar\\\/\"},\"wordCount\":370,\"commentCount\":0,\"publisher\":{\"@id\":\"https:\\\/\\\/piensoluegoviajo.com\\\/#organization\"},\"image\":{\"@id\":\"https:\\\/\\\/piensoluegoviajo.com\\\/index.php\\\/2020\\\/09\\\/17\\\/vamos-a-volar\\\/#primaryimage\"},\"thumbnailUrl\":\"https:\\\/\\\/piensoluegoviajo.com\\\/wp-content\\\/uploads\\\/2020\\\/09\\\/aircraft-1499171_1920.jpg\",\"articleSection\":[\"Reflexiones\"],\"inLanguage\":\"es\",\"potentialAction\":[{\"@type\":\"CommentAction\",\"name\":\"Comment\",\"target\":[\"https:\\\/\\\/piensoluegoviajo.com\\\/index.php\\\/2020\\\/09\\\/17\\\/vamos-a-volar\\\/#respond\"]}]},{\"@type\":\"WebPage\",\"@id\":\"https:\\\/\\\/piensoluegoviajo.com\\\/index.php\\\/2020\\\/09\\\/17\\\/vamos-a-volar\\\/\",\"url\":\"https:\\\/\\\/piensoluegoviajo.com\\\/index.php\\\/2020\\\/09\\\/17\\\/vamos-a-volar\\\/\",\"name\":\"\u00a1Vamos a volar!\",\"isPartOf\":{\"@id\":\"https:\\\/\\\/piensoluegoviajo.com\\\/#website\"},\"primaryImageOfPage\":{\"@id\":\"https:\\\/\\\/piensoluegoviajo.com\\\/index.php\\\/2020\\\/09\\\/17\\\/vamos-a-volar\\\/#primaryimage\"},\"image\":{\"@id\":\"https:\\\/\\\/piensoluegoviajo.com\\\/index.php\\\/2020\\\/09\\\/17\\\/vamos-a-volar\\\/#primaryimage\"},\"thumbnailUrl\":\"https:\\\/\\\/piensoluegoviajo.com\\\/wp-content\\\/uploads\\\/2020\\\/09\\\/aircraft-1499171_1920.jpg\",\"datePublished\":\"2020-09-17T21:11:50+00:00\",\"dateModified\":\"2025-01-14T06:58:34+00:00\",\"description\":\"S\u00ed, es cierto, si el covid no nos lo impide, este a\u00f1o 2020 tambi\u00e9n vamos a volar en avi\u00f3n. Casi tengo mariposas en el est\u00f3mago de pensarlo.\",\"breadcrumb\":{\"@id\":\"https:\\\/\\\/piensoluegoviajo.com\\\/index.php\\\/2020\\\/09\\\/17\\\/vamos-a-volar\\\/#breadcrumb\"},\"inLanguage\":\"es\",\"potentialAction\":[{\"@type\":\"ReadAction\",\"target\":[\"https:\\\/\\\/piensoluegoviajo.com\\\/index.php\\\/2020\\\/09\\\/17\\\/vamos-a-volar\\\/\"]}]},{\"@type\":\"ImageObject\",\"inLanguage\":\"es\",\"@id\":\"https:\\\/\\\/piensoluegoviajo.com\\\/index.php\\\/2020\\\/09\\\/17\\\/vamos-a-volar\\\/#primaryimage\",\"url\":\"https:\\\/\\\/piensoluegoviajo.com\\\/wp-content\\\/uploads\\\/2020\\\/09\\\/aircraft-1499171_1920.jpg\",\"contentUrl\":\"https:\\\/\\\/piensoluegoviajo.com\\\/wp-content\\\/uploads\\\/2020\\\/09\\\/aircraft-1499171_1920.jpg\",\"width\":1920,\"height\":575},{\"@type\":\"BreadcrumbList\",\"@id\":\"https:\\\/\\\/piensoluegoviajo.com\\\/index.php\\\/2020\\\/09\\\/17\\\/vamos-a-volar\\\/#breadcrumb\",\"itemListElement\":[{\"@type\":\"ListItem\",\"position\":1,\"name\":\"Portada\",\"item\":\"https:\\\/\\\/piensoluegoviajo.com\\\/\"},{\"@type\":\"ListItem\",\"position\":2,\"name\":\"\u00a1Vamos a volar!\"}]},{\"@type\":\"WebSite\",\"@id\":\"https:\\\/\\\/piensoluegoviajo.com\\\/#website\",\"url\":\"https:\\\/\\\/piensoluegoviajo.com\\\/\",\"name\":\"Pienso, luego viajo\",\"description\":\"Si no viajas, est&aacute;s perdido\",\"publisher\":{\"@id\":\"https:\\\/\\\/piensoluegoviajo.com\\\/#organization\"},\"potentialAction\":[{\"@type\":\"SearchAction\",\"target\":{\"@type\":\"EntryPoint\",\"urlTemplate\":\"https:\\\/\\\/piensoluegoviajo.com\\\/?s={search_term_string}\"},\"query-input\":{\"@type\":\"PropertyValueSpecification\",\"valueRequired\":true,\"valueName\":\"search_term_string\"}}],\"inLanguage\":\"es\"},{\"@type\":\"Organization\",\"@id\":\"https:\\\/\\\/piensoluegoviajo.com\\\/#organization\",\"name\":\"Pienso, luego viajo\",\"url\":\"https:\\\/\\\/piensoluegoviajo.com\\\/\",\"logo\":{\"@type\":\"ImageObject\",\"inLanguage\":\"es\",\"@id\":\"https:\\\/\\\/piensoluegoviajo.com\\\/#\\\/schema\\\/logo\\\/image\\\/\",\"url\":\"https:\\\/\\\/piensoluegoviajo.com\\\/wp-content\\\/uploads\\\/2024\\\/02\\\/LogoBlog_WP.jpg\",\"contentUrl\":\"https:\\\/\\\/piensoluegoviajo.com\\\/wp-content\\\/uploads\\\/2024\\\/02\\\/LogoBlog_WP.jpg\",\"width\":512,\"height\":512,\"caption\":\"Pienso, luego viajo\"},\"image\":{\"@id\":\"https:\\\/\\\/piensoluegoviajo.com\\\/#\\\/schema\\\/logo\\\/image\\\/\"},\"sameAs\":[\"https:\\\/\\\/www.facebook.com\\\/Pienso-luego-viajo-2054187354896918\",\"https:\\\/\\\/instagram.com\\\/piensoluegoviajo\",\"https:\\\/\\\/www.youtube.com\\\/@piensoluegoviajo\"]},{\"@type\":\"Person\",\"@id\":\"https:\\\/\\\/piensoluegoviajo.com\\\/#\\\/schema\\\/person\\\/37b3e411611028c0a504363bb2898d45\",\"name\":\"Pienso, luego viajo\",\"image\":{\"@type\":\"ImageObject\",\"inLanguage\":\"es\",\"@id\":\"https:\\\/\\\/secure.gravatar.com\\\/avatar\\\/84dfc8cd9ec3f0af77f30ef5227466aac6b381882eb77cb4f10b9f4c58ed8181?s=96&d=mm&r=g\",\"url\":\"https:\\\/\\\/secure.gravatar.com\\\/avatar\\\/84dfc8cd9ec3f0af77f30ef5227466aac6b381882eb77cb4f10b9f4c58ed8181?s=96&d=mm&r=g\",\"contentUrl\":\"https:\\\/\\\/secure.gravatar.com\\\/avatar\\\/84dfc8cd9ec3f0af77f30ef5227466aac6b381882eb77cb4f10b9f4c58ed8181?s=96&d=mm&r=g\",\"caption\":\"Pienso, luego viajo\"}}]}<\/script>\n<!-- \/ Yoast SEO plugin. -->","yoast_head_json":{"title":"\u00a1Vamos a volar!","description":"S\u00ed, es cierto, si el covid no nos lo impide, este a\u00f1o 2020 tambi\u00e9n vamos a volar en avi\u00f3n. Casi tengo mariposas en el est\u00f3mago de pensarlo.","robots":{"index":"index","follow":"follow","max-snippet":"max-snippet:-1","max-image-preview":"max-image-preview:large","max-video-preview":"max-video-preview:-1"},"canonical":"https:\/\/piensoluegoviajo.com\/index.php\/2020\/09\/17\/vamos-a-volar\/","og_locale":"es_ES","og_type":"article","og_title":"\u00a1Vamos a volar!","og_description":"S\u00ed, es cierto, si el covid no nos lo impide, este a\u00f1o 2020 tambi\u00e9n vamos a volar en avi\u00f3n. Casi tengo mariposas en el est\u00f3mago de pensarlo.","og_url":"https:\/\/piensoluegoviajo.com\/index.php\/2020\/09\/17\/vamos-a-volar\/","og_site_name":"Pienso, luego viajo","article_publisher":"https:\/\/www.facebook.com\/Pienso-luego-viajo-2054187354896918","article_published_time":"2020-09-17T21:11:50+00:00","article_modified_time":"2025-01-14T06:58:34+00:00","og_image":[{"width":1920,"height":575,"url":"https:\/\/piensoluegoviajo.com\/wp-content\/uploads\/2020\/09\/aircraft-1499171_1920.jpg","type":"image\/jpeg"}],"author":"Pienso, luego viajo","twitter_card":"summary_large_image","twitter_misc":{"Escrito por":"Pienso, luego viajo","Tiempo de lectura":"2 minutos"},"schema":{"@context":"https:\/\/schema.org","@graph":[{"@type":"Article","@id":"https:\/\/piensoluegoviajo.com\/index.php\/2020\/09\/17\/vamos-a-volar\/#article","isPartOf":{"@id":"https:\/\/piensoluegoviajo.com\/index.php\/2020\/09\/17\/vamos-a-volar\/"},"author":{"name":"Pienso, luego viajo","@id":"https:\/\/piensoluegoviajo.com\/#\/schema\/person\/37b3e411611028c0a504363bb2898d45"},"headline":"\u00a1Vamos a volar!","datePublished":"2020-09-17T21:11:50+00:00","dateModified":"2025-01-14T06:58:34+00:00","mainEntityOfPage":{"@id":"https:\/\/piensoluegoviajo.com\/index.php\/2020\/09\/17\/vamos-a-volar\/"},"wordCount":370,"commentCount":0,"publisher":{"@id":"https:\/\/piensoluegoviajo.com\/#organization"},"image":{"@id":"https:\/\/piensoluegoviajo.com\/index.php\/2020\/09\/17\/vamos-a-volar\/#primaryimage"},"thumbnailUrl":"https:\/\/piensoluegoviajo.com\/wp-content\/uploads\/2020\/09\/aircraft-1499171_1920.jpg","articleSection":["Reflexiones"],"inLanguage":"es","potentialAction":[{"@type":"CommentAction","name":"Comment","target":["https:\/\/piensoluegoviajo.com\/index.php\/2020\/09\/17\/vamos-a-volar\/#respond"]}]},{"@type":"WebPage","@id":"https:\/\/piensoluegoviajo.com\/index.php\/2020\/09\/17\/vamos-a-volar\/","url":"https:\/\/piensoluegoviajo.com\/index.php\/2020\/09\/17\/vamos-a-volar\/","name":"\u00a1Vamos a volar!","isPartOf":{"@id":"https:\/\/piensoluegoviajo.com\/#website"},"primaryImageOfPage":{"@id":"https:\/\/piensoluegoviajo.com\/index.php\/2020\/09\/17\/vamos-a-volar\/#primaryimage"},"image":{"@id":"https:\/\/piensoluegoviajo.com\/index.php\/2020\/09\/17\/vamos-a-volar\/#primaryimage"},"thumbnailUrl":"https:\/\/piensoluegoviajo.com\/wp-content\/uploads\/2020\/09\/aircraft-1499171_1920.jpg","datePublished":"2020-09-17T21:11:50+00:00","dateModified":"2025-01-14T06:58:34+00:00","description":"S\u00ed, es cierto, si el covid no nos lo impide, este a\u00f1o 2020 tambi\u00e9n vamos a volar en avi\u00f3n. Casi tengo mariposas en el est\u00f3mago de pensarlo.","breadcrumb":{"@id":"https:\/\/piensoluegoviajo.com\/index.php\/2020\/09\/17\/vamos-a-volar\/#breadcrumb"},"inLanguage":"es","potentialAction":[{"@type":"ReadAction","target":["https:\/\/piensoluegoviajo.com\/index.php\/2020\/09\/17\/vamos-a-volar\/"]}]},{"@type":"ImageObject","inLanguage":"es","@id":"https:\/\/piensoluegoviajo.com\/index.php\/2020\/09\/17\/vamos-a-volar\/#primaryimage","url":"https:\/\/piensoluegoviajo.com\/wp-content\/uploads\/2020\/09\/aircraft-1499171_1920.jpg","contentUrl":"https:\/\/piensoluegoviajo.com\/wp-content\/uploads\/2020\/09\/aircraft-1499171_1920.jpg","width":1920,"height":575},{"@type":"BreadcrumbList","@id":"https:\/\/piensoluegoviajo.com\/index.php\/2020\/09\/17\/vamos-a-volar\/#breadcrumb","itemListElement":[{"@type":"ListItem","position":1,"name":"Portada","item":"https:\/\/piensoluegoviajo.com\/"},{"@type":"ListItem","position":2,"name":"\u00a1Vamos a volar!"}]},{"@type":"WebSite","@id":"https:\/\/piensoluegoviajo.com\/#website","url":"https:\/\/piensoluegoviajo.com\/","name":"Pienso, luego viajo","description":"Si no viajas, est&aacute;s perdido","publisher":{"@id":"https:\/\/piensoluegoviajo.com\/#organization"},"potentialAction":[{"@type":"SearchAction","target":{"@type":"EntryPoint","urlTemplate":"https:\/\/piensoluegoviajo.com\/?s={search_term_string}"},"query-input":{"@type":"PropertyValueSpecification","valueRequired":true,"valueName":"search_term_string"}}],"inLanguage":"es"},{"@type":"Organization","@id":"https:\/\/piensoluegoviajo.com\/#organization","name":"Pienso, luego viajo","url":"https:\/\/piensoluegoviajo.com\/","logo":{"@type":"ImageObject","inLanguage":"es","@id":"https:\/\/piensoluegoviajo.com\/#\/schema\/logo\/image\/","url":"https:\/\/piensoluegoviajo.com\/wp-content\/uploads\/2024\/02\/LogoBlog_WP.jpg","contentUrl":"https:\/\/piensoluegoviajo.com\/wp-content\/uploads\/2024\/02\/LogoBlog_WP.jpg","width":512,"height":512,"caption":"Pienso, luego viajo"},"image":{"@id":"https:\/\/piensoluegoviajo.com\/#\/schema\/logo\/image\/"},"sameAs":["https:\/\/www.facebook.com\/Pienso-luego-viajo-2054187354896918","https:\/\/instagram.com\/piensoluegoviajo","https:\/\/www.youtube.com\/@piensoluegoviajo"]},{"@type":"Person","@id":"https:\/\/piensoluegoviajo.com\/#\/schema\/person\/37b3e411611028c0a504363bb2898d45","name":"Pienso, luego viajo","image":{"@type":"ImageObject","inLanguage":"es","@id":"https:\/\/secure.gravatar.com\/avatar\/84dfc8cd9ec3f0af77f30ef5227466aac6b381882eb77cb4f10b9f4c58ed8181?s=96&d=mm&r=g","url":"https:\/\/secure.gravatar.com\/avatar\/84dfc8cd9ec3f0af77f30ef5227466aac6b381882eb77cb4f10b9f4c58ed8181?s=96&d=mm&r=g","contentUrl":"https:\/\/secure.gravatar.com\/avatar\/84dfc8cd9ec3f0af77f30ef5227466aac6b381882eb77cb4f10b9f4c58ed8181?s=96&d=mm&r=g","caption":"Pienso, luego viajo"}}]}},"_links":{"self":[{"href":"https:\/\/piensoluegoviajo.com\/index.php\/wp-json\/wp\/v2\/posts\/1570","targetHints":{"allow":["GET"]}}],"collection":[{"href":"https:\/\/piensoluegoviajo.com\/index.php\/wp-json\/wp\/v2\/posts"}],"about":[{"href":"https:\/\/piensoluegoviajo.com\/index.php\/wp-json\/wp\/v2\/types\/post"}],"author":[{"embeddable":true,"href":"https:\/\/piensoluegoviajo.com\/index.php\/wp-json\/wp\/v2\/users\/1"}],"replies":[{"embeddable":true,"href":"https:\/\/piensoluegoviajo.com\/index.php\/wp-json\/wp\/v2\/comments?post=1570"}],"version-history":[{"count":1,"href":"https:\/\/piensoluegoviajo.com\/index.php\/wp-json\/wp\/v2\/posts\/1570\/revisions"}],"predecessor-version":[{"id":4205,"href":"https:\/\/piensoluegoviajo.com\/index.php\/wp-json\/wp\/v2\/posts\/1570\/revisions\/4205"}],"wp:featuredmedia":[{"embeddable":true,"href":"https:\/\/piensoluegoviajo.com\/index.php\/wp-json\/wp\/v2\/media\/1568"}],"wp:attachment":[{"href":"https:\/\/piensoluegoviajo.com\/index.php\/wp-json\/wp\/v2\/media?parent=1570"}],"wp:term":[{"taxonomy":"category","embeddable":true,"href":"https:\/\/piensoluegoviajo.com\/index.php\/wp-json\/wp\/v2\/categories?post=1570"},{"taxonomy":"post_tag","embeddable":true,"href":"https:\/\/piensoluegoviajo.com\/index.php\/wp-json\/wp\/v2\/tags?post=1570"}],"curies":[{"name":"wp","href":"https:\/\/api.w.org\/{rel}","templated":true}]}}