{"id":1978,"date":"2021-08-29T16:17:19","date_gmt":"2021-08-29T14:17:19","guid":{"rendered":"https:\/\/piensoluegoviajo.com\/?p=1978"},"modified":"2026-01-14T09:42:16","modified_gmt":"2026-01-14T08:42:16","slug":"almeria-cabo-de-gata","status":"publish","type":"post","link":"https:\/\/piensoluegoviajo.com\/index.php\/2021\/08\/29\/almeria-cabo-de-gata\/","title":{"rendered":"Almer\u00eda &#8211; Cabo de Gata"},"content":{"rendered":"\n<p class=\"has-text-align-justify\">La segunda escapada del 2021 nos llev\u00f3 al <a href=\"https:\/\/es.wikipedia.org\/wiki\/Parque_natural_del_Cabo_de_Gata-N%C3%ADjar\" target=\"_blank\" rel=\"noreferrer noopener\">Parque Natural del Cabo de Gata-N\u00edjar<\/a>. Era nuestra primera visita a Almer\u00eda y esperamos que no sea la \u00faltima. El atractivo de sus incontables playas y calas junto a su rica gastronom\u00eda lo hace un destino m\u00e1s que apetecible.<\/p>\n\n\n\n<p class=\"has-text-align-justify\">Aunque ya sab\u00edamos que la regi\u00f3n es de las m\u00e1s \u00e1ridas de Europa, nos sorprendi\u00f3 ese paisaje semi-des\u00e9rtico del Parque Natural. Muy cerca se encuentra el \u00fanico desierto \u2018oficial\u2019 de Europa: <a href=\"https:\/\/es.wikipedia.org\/wiki\/Desierto_de_Tabernas\" target=\"_blank\" rel=\"noreferrer noopener\">Tabernas<\/a>.<\/p>\n\n\n\n<p class=\"has-text-align-justify\">A lo largo de sus 63 km de costas destacan muestras del pasado activo volc\u00e1nico, como las dunas f\u00f3siles en los Escullos, la playa de los Genoveses y el playazo de Rodalquilar, la lengua de lava fosilizada de la playa de Mons\u00fal o las antiguas chimeneas del arrecife de las Sirenas.<\/p>\n\n\n\n<p class=\"has-text-align-justify\">Nuestro alojamiento estaba situado en Retamar, a 17 km de Almer\u00eda, un apartamento en una zona residencial con piscina comunitaria. Quiz\u00e1s parezca alejado de las playas orientales, pero est\u00e1 bien comunicado para llegar en menos de una hora a casi cualquier sitio.<\/p>\n\n\n\n<figure class=\"wp-block-gallery aligncenter has-nested-images columns-default is-cropped wp-block-gallery-1 is-layout-flex wp-block-gallery-is-layout-flex\">\n<figure class=\"wp-block-image size-large\"><a href=\"https:\/\/piensoluegoviajo.com\/wp-content\/uploads\/2021\/08\/Retamar-1024x472.jpg\" data-rel=\"lightbox-image-0\" data-rl_title=\"\" data-rl_caption=\"\" title=\"\"><img decoding=\"async\" width=\"1024\" height=\"472\" data-id=\"1995\" src=\"https:\/\/piensoluegoviajo.com\/wp-content\/uploads\/2021\/08\/Retamar-1024x472.jpg\" alt=\"\" class=\"wp-image-1995\" srcset=\"https:\/\/piensoluegoviajo.com\/wp-content\/uploads\/2021\/08\/Retamar-1024x472.jpg 1024w, https:\/\/piensoluegoviajo.com\/wp-content\/uploads\/2021\/08\/Retamar-300x138.jpg 300w, https:\/\/piensoluegoviajo.com\/wp-content\/uploads\/2021\/08\/Retamar-768x354.jpg 768w, https:\/\/piensoluegoviajo.com\/wp-content\/uploads\/2021\/08\/Retamar-1536x708.jpg 1536w, https:\/\/piensoluegoviajo.com\/wp-content\/uploads\/2021\/08\/Retamar.jpg 1920w\" sizes=\"(max-width: 1024px) 100vw, 1024px\" \/><\/a><figcaption class=\"wp-element-caption\">Paseo mar\u00edtimo de Retamar<\/figcaption><\/figure>\n<\/figure>\n\n\n\n<p class=\"has-text-align-justify\">El primer d\u00eda decidimos visitar la capital porque no hacia demasiado calor y quer\u00edamos conocerla. A primera vista nos pareci\u00f3 un punto decadente, con falta de mantenimiento. Hab\u00eda multitud de locales cerrados fruto de crisis anteriores y tambi\u00e9n de la pandemia actual. En la oficina de turismo nos aconsejaron acercarnos al <a href=\"https:\/\/www.almeriaciudad.es\/cultura\/lugares-de-interes\/centro-de-interpretacion-patrimonial\/\" target=\"_blank\" rel=\"noreferrer noopener\">Centro de Interpretaci\u00f3n Patrimonial<\/a> donde hay varias salas explicativas de la historia de la ciudad y un v\u00eddeo divulgativo muy ameno. Se puede subir a la azotea para tener una visi\u00f3n 360\u00ba de la ciudad. Despu\u00e9s de un refrescante t\u00e9 moruno, nos dirigimos a la <a href=\"https:\/\/es.wikipedia.org\/wiki\/Alcazaba_y_Murallas_del_Cerro_de_San_Crist%C3%B3bal\" target=\"_blank\" rel=\"noreferrer noopener\">Alcazaba y Murallas del Cerro de San Crist\u00f3bal<\/a>, una imponente fortaleza situada en lo alto de una colina aislada. Nos recorrimos sus largos pasillos, canales de agua y vistosos jardines que recuerdan a la Alhambra de Granada. El recinto ha sido escenario de pel\u00edculas como \u2018Cleopatra\u2019, \u2018Conan el B\u00e1rbaro\u2019 o \u2018Indiana Jones y la \u00faltima Cruzada\u2019, adem\u00e1s se convirti\u00f3 en \u2018Lanza de Sol\u2019, la capital del <a href=\"https:\/\/roldehieloyfuego.fandom.com\/es\/wiki\/Reino_de_Dorne\" target=\"_blank\" rel=\"noreferrer noopener\">reino de Dorne<\/a> en la sexta temporada de la serie \u2018Juego de Tronos\u2019.<\/p>\n\n\n\n<div class=\"wp-block-responsive-lightbox-gallery\"><div class=\"rl-gallery-container rl-loading\" id=\"rl-gallery-container-1\" data-gallery_id=\"3830\"> <div class=\"rl-gallery rl-basicgrid-gallery rl-hover-effect-2\" id=\"rl-gallery-1\" data-gallery_no=\"1\"> <div class=\"rl-gallery-item\"><a href=\"https:\/\/piensoluegoviajo.com\/wp-content\/uploads\/2021\/08\/Alcazaba-1.jpg\" title=\"Alcazaba y Murallas del Cerro de San Crist\u00f3bal\" data-rl_title=\"Alcazaba y Murallas del Cerro de San Crist\u00f3bal\" class=\"rl-gallery-link\" data-rl_caption=\"\" data-rel=\"lightbox-gallery-1\"><img decoding=\"async\" src=\"https:\/\/piensoluegoviajo.com\/wp-content\/uploads\/2021\/08\/Alcazaba-1-600x400.jpg\" width=\"600\" height=\"400\" alt=\"\" \/><span class=\"rl-gallery-caption\"><span class=\"rl-gallery-item-caption\">Alcazaba y Murallas del Cerro de San Crist\u00f3bal<\/span><\/span><\/a><\/div><div class=\"rl-gallery-item\"><a href=\"https:\/\/piensoluegoviajo.com\/wp-content\/uploads\/2021\/08\/cableingles.jpg\" title=\"Cable ingl\u00e9s @bertanuri\" data-rl_title=\"Cable ingl\u00e9s @bertanuri\" class=\"rl-gallery-link\" data-rl_caption=\"\" data-rel=\"lightbox-gallery-1\"><img decoding=\"async\" src=\"https:\/\/piensoluegoviajo.com\/wp-content\/uploads\/2021\/08\/cableingles-600x400.jpg\" width=\"600\" height=\"400\" alt=\"\" \/><span class=\"rl-gallery-caption\"><span class=\"rl-gallery-item-caption\">Cable ingl\u00e9s @bertanuri<\/span><\/span><\/a><\/div><div class=\"rl-gallery-item\"><a href=\"https:\/\/piensoluegoviajo.com\/wp-content\/uploads\/2021\/08\/Alcazaba-2.jpg\" title=\"Muralla de Jayr\u00e1n\" data-rl_title=\"Muralla de Jayr\u00e1n\" class=\"rl-gallery-link\" data-rl_caption=\"\" data-rel=\"lightbox-gallery-1\"><img decoding=\"async\" src=\"https:\/\/piensoluegoviajo.com\/wp-content\/uploads\/2021\/08\/Alcazaba-2-600x400.jpg\" width=\"600\" height=\"400\" alt=\"\" \/><span class=\"rl-gallery-caption\"><span class=\"rl-gallery-item-caption\">Muralla de Jayr\u00e1n<\/span><\/span><\/a><\/div> <\/div> <\/div><\/div>\n\n\n\n<p class=\"has-text-align-justify\">Otro de los atractivos de la capital es el <a href=\"https:\/\/es.wikipedia.org\/wiki\/Cable_Ingl%C3%A9s\" target=\"_blank\" rel=\"noreferrer noopener\">Cable Ingl\u00e9s<\/a>, un antiguo cargadero portuario de mineral que se utiliz\u00f3 para trasladar mineral de hierro entre la estaci\u00f3n de tren y los barcos. Catalogado como Bien de Inter\u00e9s Cultural, revolucionario en su \u00e9poca, pues permit\u00eda ahorrar tiempo en el proceso de transporte, dej\u00f3 de utilizarse en 1973. Est\u00e1 inspirado en las t\u00e9cnicas de construcci\u00f3n de la escuela de Gustave Eiffel.<\/p>\n\n\n\n<p class=\"has-text-align-justify\">El principal aliciente para viajar hasta esta parte de la pen\u00ednsula son sus playas y calas, que rivalizan con las del Caribe aunque algunas son de dif\u00edcil acceso. He aqu\u00ed una lista con los detalles e impresiones de las playas m\u00e1s impresionantes del Cabo de Gata.<\/p>\n\n\n\n<h6 class=\"wp-block-heading\"><strong>Cala de los Genoveses \u2013 Playa del Barronal \u2013 Playa de Mons\u00fal \u2013 Cala Carb\u00f3n<\/strong><\/h6>\n\n\n\n<p class=\"has-text-align-justify\">Estas playas, situadas al oeste del San Jos\u00e9, tienen restringido el acceso para veh\u00edculos privados desde el 14 de junio al 14 de septiembre. Hay varios parkings situados cerca de cada una de las playas con un coste de 5\u20ac. El d\u00eda que intentamos ir, sobre las 11 de la ma\u00f1ana, no pudimos entrar con el coche as\u00ed que probamos en otras calas menos concurridas. Nos dio un poquito de rabia y pensamos volver a intentarlo, pero quedamos bastante contentos con el resto de calas que visitamos. Posteriormente nos enteramos que por la tarde a las 16:30 ya no gestionan el parking y el acceso es libre. Tambi\u00e9n es posible acceder en <a href=\"https:\/\/www.cabogataalmeria.com\/informacion-parque-natural\/autobus-monsul-genoveses\" target=\"_blank\" rel=\"noreferrer noopener\">autob\u00fas<\/a> desde San Jos\u00e9 hasta Cala Carb\u00f3n con paradas en las citadas playas, desde las 10:30 hasta las 19:30, cada hora, con un coste de 2\u20ac por trayecto o 2,70\u20ac ida y vuelta. Para los amantes de las estrellas, ver este cielo estrellado sin contaminaci\u00f3n lum\u00ednica es un planazo, desde <a href=\"https:\/\/www.astronomiacabodegata.com\/\" target=\"_blank\" rel=\"noreferrer noopener\">Astronom\u00eda Cabo de Gata<\/a> proponen actividades nocturnas para disfrutar de una noche especial.<\/p>\n\n\n\n<h6 class=\"wp-block-heading\"><strong>Playazo de Rodalquilar<\/strong><\/h6>\n\n\n\n<p class=\"has-text-align-justify\">Muy cerca del municipio de Rodalquilar se encuentra esta playa con may\u00fasculas, para\u00edso del snorkel, donde sumergirse en sus aguas es casi como estar dentro de un acuario.<\/p>\n\n\n\n<h6 class=\"wp-block-heading\"><strong>Cala de Enmedio<\/strong><\/h6>\n\n\n\n<figure class=\"wp-block-gallery aligncenter has-nested-images columns-default is-cropped wp-block-gallery-2 is-layout-flex wp-block-gallery-is-layout-flex\">\n<figure class=\"wp-block-image size-large\"><a href=\"https:\/\/piensoluegoviajo.com\/wp-content\/uploads\/2021\/08\/Cala-de-Enmedio-1024x489.jpg\" data-rel=\"lightbox-image-4\" data-rl_title=\"\" data-rl_caption=\"\" title=\"\"><img decoding=\"async\" width=\"1024\" height=\"489\" data-id=\"1999\" src=\"https:\/\/piensoluegoviajo.com\/wp-content\/uploads\/2021\/08\/Cala-de-Enmedio-1024x489.jpg\" alt=\"\" class=\"wp-image-1999\" srcset=\"https:\/\/piensoluegoviajo.com\/wp-content\/uploads\/2021\/08\/Cala-de-Enmedio-1024x489.jpg 1024w, https:\/\/piensoluegoviajo.com\/wp-content\/uploads\/2021\/08\/Cala-de-Enmedio-300x143.jpg 300w, https:\/\/piensoluegoviajo.com\/wp-content\/uploads\/2021\/08\/Cala-de-Enmedio-768x367.jpg 768w, https:\/\/piensoluegoviajo.com\/wp-content\/uploads\/2021\/08\/Cala-de-Enmedio-1536x734.jpg 1536w, https:\/\/piensoluegoviajo.com\/wp-content\/uploads\/2021\/08\/Cala-de-Enmedio.jpg 1920w\" sizes=\"(max-width: 1024px) 100vw, 1024px\" \/><\/a><figcaption class=\"wp-element-caption\">Cala de Enmedio<\/figcaption><\/figure>\n<\/figure>\n\n\n\n<p class=\"has-text-align-justify\">Una preciosa playa a escasos kil\u00f3metros de Agua Amarga. Nosotros no fuimos porque nos informaron que el camino estaba fatal y adem\u00e1s desde el parking donde dejas el coche hay un ratito de caminata no muy c\u00f3moda. En su lugar nos quedamos en la playa de Agua Amarga, que tambi\u00e9n merece mucho la pena y cuenta con todos los servicios, quitarte la arena de los pies en la ducha no tiene precio.<\/p>\n\n\n\n<h6 class=\"wp-block-heading\"><strong>Playa de los Muertos<\/strong><\/h6>\n\n\n\n<p class=\"has-text-align-justify\">Otro de los pecados que cometimos no pisando esta playa, pero es que \u00a1hay mucho donde elegir! Situada muy cerca del peque\u00f1o pueblo de Agua Amarga, est\u00e1 en el top de las m\u00e1s bonitas de Almer\u00eda con sus aguas de color turquesa y un kil\u00f3metro de longitud, eso s\u00ed, es peligrosa si sopla el Levante, por lo que la bandera roja ondea muy a menudo.<\/p>\n\n\n\n<h6 class=\"wp-block-heading\"><strong>Arrecife de las Sirenas<\/strong><\/h6>\n\n\n\n<p class=\"has-text-align-justify\">Uno de los sitios emblem\u00e1ticos del Cabo de Gata, muy cerca del Faro, originado por la actividad volc\u00e1nica. Se dice que el nombre de estas rocas proviene de una colonia de focas monje que se estableci\u00f3 all\u00ed y que los navegantes confund\u00edan con sirenas. Hay una peque\u00f1a cala y era apetecible el ba\u00f1o, aunque el viento que soplaba ese d\u00eda y el empedrado camino nos disuadi\u00f3. Es la foto de portada de esta entrada.<\/p>\n\n\n\n<h6 class=\"wp-block-heading\"><strong>Cala Raj\u00e1<\/strong><\/h6>\n\n\n\n<figure class=\"wp-block-gallery aligncenter has-nested-images columns-default is-cropped wp-block-gallery-3 is-layout-flex wp-block-gallery-is-layout-flex\">\n<figure class=\"wp-block-image size-large\"><a href=\"https:\/\/piensoluegoviajo.com\/wp-content\/uploads\/2021\/08\/Cala-Raja-1024x472.jpg\" data-rel=\"lightbox-image-5\" data-rl_title=\"Cala Raj\u00e1\" data-rl_caption=\"\" title=\"Cala Raj\u00e1\"><img decoding=\"async\" width=\"1024\" height=\"472\" data-id=\"1987\" src=\"https:\/\/piensoluegoviajo.com\/wp-content\/uploads\/2021\/08\/Cala-Raja-1024x472.jpg\" alt=\"\" class=\"wp-image-1987\" srcset=\"https:\/\/piensoluegoviajo.com\/wp-content\/uploads\/2021\/08\/Cala-Raja-1024x472.jpg 1024w, https:\/\/piensoluegoviajo.com\/wp-content\/uploads\/2021\/08\/Cala-Raja-300x138.jpg 300w, https:\/\/piensoluegoviajo.com\/wp-content\/uploads\/2021\/08\/Cala-Raja-768x354.jpg 768w, https:\/\/piensoluegoviajo.com\/wp-content\/uploads\/2021\/08\/Cala-Raja-1536x708.jpg 1536w, https:\/\/piensoluegoviajo.com\/wp-content\/uploads\/2021\/08\/Cala-Raja.jpg 1920w\" sizes=\"(max-width: 1024px) 100vw, 1024px\" \/><\/a><figcaption class=\"wp-element-caption\">Cala Raj\u00e1<\/figcaption><\/figure>\n<\/figure>\n\n\n\n<p class=\"has-text-align-justify\">Siguiendo en el Sur encontramos esta peque\u00f1a cala de arena fina, dorada y con algo de grava, entre acantilados y protegida del Levante. El acceso es complicado por un empinado camino de cabras. El agua estaba fr\u00eda y no estuvimos mucho tiempo ba\u00f1\u00e1ndonos, pero la belleza salvaje del lugar merece la pena.<\/p>\n\n\n\n<h6 class=\"wp-block-heading\"><strong>Cala de San Pedro<\/strong><\/h6>\n\n\n\n<p class=\"has-text-align-justify\">Es una playa de arena blanca con aguas color turquesa que tiene mejor acceso por mar que por tierra. Se puede llegar con kayak desde Agua Amarga o contratando un <a rel=\"noreferrer noopener\" href=\"https:\/\/www.cabogataalmeria.com\/calas-cabo-de-gata\/cala-san-pedro\" target=\"_blank\">barco<\/a> desde Las Negras. Tiene el encanto de que es el asentamiento de una comunidad hippy desde hace d\u00e9cadas. Tiene vegetaci\u00f3n en su interior y una fuente natural de agua potable.<\/p>\n\n\n\n<h6 class=\"wp-block-heading\"><strong>Cala del Cuervo<\/strong><\/h6>\n\n\n\n<figure class=\"wp-block-gallery has-nested-images columns-default is-cropped wp-block-gallery-4 is-layout-flex wp-block-gallery-is-layout-flex\">\n<figure class=\"wp-block-image size-large\"><a href=\"https:\/\/piensoluegoviajo.com\/wp-content\/uploads\/2021\/08\/Cala-del-Cuervo.jpg\" data-rel=\"lightbox-image-6\" data-rl_title=\"Cala del Cuervo\" data-rl_caption=\"\" title=\"Cala del Cuervo\"><img decoding=\"async\" width=\"1024\" height=\"473\" data-id=\"1985\" src=\"https:\/\/piensoluegoviajo.com\/wp-content\/uploads\/2021\/08\/Cala-del-Cuervo-1024x473.jpg\" alt=\"\" class=\"wp-image-1985\" srcset=\"https:\/\/piensoluegoviajo.com\/wp-content\/uploads\/2021\/08\/Cala-del-Cuervo-1024x473.jpg 1024w, https:\/\/piensoluegoviajo.com\/wp-content\/uploads\/2021\/08\/Cala-del-Cuervo-300x139.jpg 300w, https:\/\/piensoluegoviajo.com\/wp-content\/uploads\/2021\/08\/Cala-del-Cuervo-768x355.jpg 768w, https:\/\/piensoluegoviajo.com\/wp-content\/uploads\/2021\/08\/Cala-del-Cuervo-1536x710.jpg 1536w, https:\/\/piensoluegoviajo.com\/wp-content\/uploads\/2021\/08\/Cala-del-Cuervo.jpg 1920w\" sizes=\"(max-width: 1024px) 100vw, 1024px\" \/><\/a><figcaption class=\"wp-element-caption\">Cala del Cuervo<\/figcaption><\/figure>\n<\/figure>\n\n\n\n<p class=\"has-text-align-justify\">Situada junto al camping \u2018La Caleta\u2019, de fina arena blanca aunque para entrar al agua hay piedras. Es recomendable usar escarpines y por supuesto el equipo de snorkel, no vas a parar de sorprenderte en esas aguas cristalinas.<\/p>\n\n\n\n<h5 class=\"wp-block-heading\"><strong>Lugares con encanto<\/strong><\/h5>\n\n\n\n<h6 class=\"wp-block-heading\"><strong>San Jos\u00e9<\/strong><\/h6>\n\n\n\n<figure class=\"wp-block-gallery aligncenter has-nested-images columns-0 is-cropped wp-block-gallery-5 is-layout-flex wp-block-gallery-is-layout-flex\">\n<figure class=\"wp-block-image size-large\"><a href=\"https:\/\/piensoluegoviajo.com\/wp-content\/uploads\/2021\/08\/Cala-Higuera.jpg\" data-rel=\"lightbox-image-7\" data-rl_title=\"Cala Higuera\" data-rl_caption=\"\" title=\"Cala Higuera\"><img decoding=\"async\" width=\"1024\" height=\"473\" data-id=\"1986\" src=\"https:\/\/piensoluegoviajo.com\/wp-content\/uploads\/2021\/08\/Cala-Higuera-1024x473.jpg\" alt=\"\" class=\"wp-image-1986\" srcset=\"https:\/\/piensoluegoviajo.com\/wp-content\/uploads\/2021\/08\/Cala-Higuera-1024x473.jpg 1024w, https:\/\/piensoluegoviajo.com\/wp-content\/uploads\/2021\/08\/Cala-Higuera-300x139.jpg 300w, https:\/\/piensoluegoviajo.com\/wp-content\/uploads\/2021\/08\/Cala-Higuera-768x355.jpg 768w, https:\/\/piensoluegoviajo.com\/wp-content\/uploads\/2021\/08\/Cala-Higuera-1536x710.jpg 1536w, https:\/\/piensoluegoviajo.com\/wp-content\/uploads\/2021\/08\/Cala-Higuera.jpg 1920w\" sizes=\"(max-width: 1024px) 100vw, 1024px\" \/><\/a><figcaption class=\"wp-element-caption\">Cala Higuera<\/figcaption><\/figure>\n<\/figure>\n\n\n\n<p class=\"has-text-align-justify\">La \u2018capital\u2019 del Parque Natural, por ser el municipio m\u00e1s grande, es un pueblo encantador con un paseo mar\u00edtimo muy recomendable para terminar el d\u00eda. Hay un peque\u00f1a cala cerca, Cala Higuera, ideal para aislarse de multitudes pero tambi\u00e9n inc\u00f3moda pues es de piedra, as\u00ed que nuestra visita fue corta y decidimos refrescarnos en la playa de San Jos\u00e9, disfrutando tambi\u00e9n del snorkel y de una riqu\u00edsima comida a base de pesca\u00edto fresco.<\/p>\n\n\n\n<h6 class=\"wp-block-heading\"><strong>Mirador de la Amatista<\/strong><\/h6>\n\n\n\n<figure class=\"wp-block-gallery aligncenter has-nested-images columns-default is-cropped wp-block-gallery-6 is-layout-flex wp-block-gallery-is-layout-flex\">\n<figure class=\"wp-block-image size-large\"><a href=\"https:\/\/piensoluegoviajo.com\/wp-content\/uploads\/2021\/08\/Mirador-Amatista.jpg\" data-rel=\"lightbox-image-8\" data-rl_title=\"Mirador de la Amatista\" data-rl_caption=\"\" title=\"Mirador de la Amatista\"><img decoding=\"async\" width=\"1024\" height=\"576\" data-id=\"1991\" src=\"https:\/\/piensoluegoviajo.com\/wp-content\/uploads\/2021\/08\/Mirador-Amatista-1024x576.jpg\" alt=\"\" class=\"wp-image-1991\" srcset=\"https:\/\/piensoluegoviajo.com\/wp-content\/uploads\/2021\/08\/Mirador-Amatista-1024x576.jpg 1024w, https:\/\/piensoluegoviajo.com\/wp-content\/uploads\/2021\/08\/Mirador-Amatista-300x169.jpg 300w, https:\/\/piensoluegoviajo.com\/wp-content\/uploads\/2021\/08\/Mirador-Amatista-768x432.jpg 768w, https:\/\/piensoluegoviajo.com\/wp-content\/uploads\/2021\/08\/Mirador-Amatista-1536x864.jpg 1536w, https:\/\/piensoluegoviajo.com\/wp-content\/uploads\/2021\/08\/Mirador-Amatista.jpg 1920w\" sizes=\"(max-width: 1024px) 100vw, 1024px\" \/><\/a><figcaption class=\"wp-element-caption\">Mirador de la Amatista<\/figcaption><\/figure>\n<\/figure>\n\n\n\n<p class=\"has-text-align-justify\">La sensaci\u00f3n de contemplar la inmensidad del mar desde las alturas, sentirse peque\u00f1o al lado de esa gigantesca masa azul. El Parque Natural vive asomado al mar, admirar esta orograf\u00eda donde se pierden restos de antiguas lavas en el fondo marino junto a naturaleza salvaje no tiene comparaci\u00f3n. Est\u00e1 situado entre La Isleta del Moro y Rodalquilar, cuentan que los atardeceres son inolvidables.<\/p>\n\n\n\n<h6 class=\"wp-block-heading\"><strong>La Isleta del Moro<\/strong><\/h6>\n\n\n\n<figure class=\"wp-block-gallery aligncenter has-nested-images columns-default is-cropped wp-block-gallery-7 is-layout-flex wp-block-gallery-is-layout-flex\">\n<figure class=\"wp-block-image size-large\"><a href=\"https:\/\/piensoluegoviajo.com\/wp-content\/uploads\/2021\/08\/La-Isleta-del-Moro.jpg\" data-rel=\"lightbox-image-9\" data-rl_title=\"La Isleta del Moro\" data-rl_caption=\"\" title=\"La Isleta del Moro\"><img decoding=\"async\" width=\"1024\" height=\"572\" data-id=\"1989\" src=\"https:\/\/piensoluegoviajo.com\/wp-content\/uploads\/2021\/08\/La-Isleta-del-Moro-1024x572.jpg\" alt=\"\" class=\"wp-image-1989\" srcset=\"https:\/\/piensoluegoviajo.com\/wp-content\/uploads\/2021\/08\/La-Isleta-del-Moro-1024x572.jpg 1024w, https:\/\/piensoluegoviajo.com\/wp-content\/uploads\/2021\/08\/La-Isleta-del-Moro-300x168.jpg 300w, https:\/\/piensoluegoviajo.com\/wp-content\/uploads\/2021\/08\/La-Isleta-del-Moro-768x429.jpg 768w, https:\/\/piensoluegoviajo.com\/wp-content\/uploads\/2021\/08\/La-Isleta-del-Moro-1536x858.jpg 1536w, https:\/\/piensoluegoviajo.com\/wp-content\/uploads\/2021\/08\/La-Isleta-del-Moro.jpg 1920w\" sizes=\"(max-width: 1024px) 100vw, 1024px\" \/><\/a><figcaption class=\"wp-element-caption\">La Isleta del Moro<\/figcaption><\/figure>\n<\/figure>\n\n\n\n<p class=\"has-text-align-justify\">Un aut\u00e9ntico pueblo marinero con olor a salitre y humedad en cada rinc\u00f3n. Barcos pesqueros fondeados, casitas c\u00fabicas y blancas y el islote con personalidad propia. Degustar el pesca\u00edto frito, calamares y otras delicias en el \u2018<a href=\"https:\/\/goo.gl\/maps\/iBef4LRWuG2bQXFN8\" target=\"_blank\" rel=\"noreferrer noopener\">Hogar del Pensionista<\/a>\u2019 es una experiencia extrasensorial, por su gastronom\u00eda y por las vistas.<\/p>\n\n\n\n<h6 class=\"wp-block-heading\"><strong>N\u00edjar<\/strong><\/h6>\n\n\n\n<figure class=\"wp-block-gallery aligncenter has-nested-images columns-default is-cropped wp-block-gallery-8 is-layout-flex wp-block-gallery-is-layout-flex\"><div class=\"wp-block-image\">\n<figure class=\"aligncenter size-large\"><a href=\"https:\/\/piensoluegoviajo.com\/wp-content\/uploads\/2021\/08\/Nijar-1024x472.jpg\" data-rel=\"lightbox-image-10\" data-rl_title=\"N\u00edjar\" data-rl_caption=\"\" title=\"N\u00edjar\"><img decoding=\"async\" width=\"1024\" height=\"472\" data-id=\"1993\" src=\"https:\/\/piensoluegoviajo.com\/wp-content\/uploads\/2021\/08\/Nijar-1024x472.jpg\" alt=\"\" class=\"wp-image-1993\" srcset=\"https:\/\/piensoluegoviajo.com\/wp-content\/uploads\/2021\/08\/Nijar-1024x472.jpg 1024w, https:\/\/piensoluegoviajo.com\/wp-content\/uploads\/2021\/08\/Nijar-300x138.jpg 300w, https:\/\/piensoluegoviajo.com\/wp-content\/uploads\/2021\/08\/Nijar-768x354.jpg 768w, https:\/\/piensoluegoviajo.com\/wp-content\/uploads\/2021\/08\/Nijar-1536x708.jpg 1536w, https:\/\/piensoluegoviajo.com\/wp-content\/uploads\/2021\/08\/Nijar.jpg 1920w\" sizes=\"(max-width: 1024px) 100vw, 1024px\" \/><\/a><figcaption class=\"wp-element-caption\">N\u00edjar<\/figcaption><\/figure>\n<\/div><\/figure>\n\n\n\n<p class=\"has-text-align-justify\">Un pueblecito blanco, en la lista de los m\u00e1s bonitos de Espa\u00f1a, alejado del mar y donde el tiempo pasa despacio. Paseamos por sus empinadas calles, observamos sus cuidadas cer\u00e1micas y otras especialidades como objetos de esparto y jarapas. El agua tiene tambi\u00e9n gran importancia en este lugar y le han dedicado un <a href=\"http:\/\/www.nijar.es\/Servicios\/cmsdipro\/index.nsf\/informacion.xsp?p=nijar&amp;ref=066-IF-MUSAGUA\" target=\"_blank\" rel=\"noreferrer noopener\">Museo del Agua<\/a>.<\/p>\n\n\n\n<h6 class=\"wp-block-heading\"><strong>Salinas de Cabo de Gata<\/strong><\/h6>\n\n\n\n<figure class=\"wp-block-gallery aligncenter has-nested-images columns-1 is-cropped wp-block-gallery-9 is-layout-flex wp-block-gallery-is-layout-flex\">\n<figure class=\"wp-block-image size-large\"><a href=\"https:\/\/piensoluegoviajo.com\/wp-content\/uploads\/2021\/08\/Cabo-Gata-1.jpg\" data-rel=\"lightbox-image-11\" data-rl_title=\"Faro de Cabo de Gata\" data-rl_caption=\"\" title=\"Faro de Cabo de Gata\"><img decoding=\"async\" width=\"1024\" height=\"385\" data-id=\"1983\" src=\"https:\/\/piensoluegoviajo.com\/wp-content\/uploads\/2021\/08\/Cabo-Gata-1-1024x385.jpg\" alt=\"\" class=\"wp-image-1983\" srcset=\"https:\/\/piensoluegoviajo.com\/wp-content\/uploads\/2021\/08\/Cabo-Gata-1-1024x385.jpg 1024w, https:\/\/piensoluegoviajo.com\/wp-content\/uploads\/2021\/08\/Cabo-Gata-1-300x113.jpg 300w, https:\/\/piensoluegoviajo.com\/wp-content\/uploads\/2021\/08\/Cabo-Gata-1-768x289.jpg 768w, https:\/\/piensoluegoviajo.com\/wp-content\/uploads\/2021\/08\/Cabo-Gata-1-1536x578.jpg 1536w, https:\/\/piensoluegoviajo.com\/wp-content\/uploads\/2021\/08\/Cabo-Gata-1.jpg 1920w\" sizes=\"(max-width: 1024px) 100vw, 1024px\" \/><\/a><figcaption class=\"wp-element-caption\">Faro de Cabo de Gata<\/figcaption><\/figure>\n\n\n<div class=\"wp-block-image\">\n<figure class=\"aligncenter size-large\"><a href=\"https:\/\/piensoluegoviajo.com\/wp-content\/uploads\/2021\/08\/Cabo-Gata-3.jpg\" data-rel=\"lightbox-image-12\" data-rl_title=\"\" data-rl_caption=\"\" title=\"\"><img decoding=\"async\" width=\"1024\" height=\"472\" data-id=\"1984\" src=\"https:\/\/piensoluegoviajo.com\/wp-content\/uploads\/2021\/08\/Cabo-Gata-3-1024x472.jpg\" alt=\"\" class=\"wp-image-1984\" srcset=\"https:\/\/piensoluegoviajo.com\/wp-content\/uploads\/2021\/08\/Cabo-Gata-3-1024x472.jpg 1024w, https:\/\/piensoluegoviajo.com\/wp-content\/uploads\/2021\/08\/Cabo-Gata-3-300x138.jpg 300w, https:\/\/piensoluegoviajo.com\/wp-content\/uploads\/2021\/08\/Cabo-Gata-3-768x354.jpg 768w, https:\/\/piensoluegoviajo.com\/wp-content\/uploads\/2021\/08\/Cabo-Gata-3-1536x708.jpg 1536w, https:\/\/piensoluegoviajo.com\/wp-content\/uploads\/2021\/08\/Cabo-Gata-3.jpg 1920w\" sizes=\"(max-width: 1024px) 100vw, 1024px\" \/><\/a><\/figure>\n<\/div><\/figure>\n\n\n\n<p class=\"has-text-align-justify\">En la parte Suroeste del Parque Natural encontramos uno de los humedales salados m\u00e1s extenso de Espa\u00f1a, hogar de multitud de aves, como flamencos rosados, garzas, garcetas, etc. Hay varios puestos de observaci\u00f3n ornitol\u00f3gica desde donde poder disfrutar del espect\u00e1culo. Estas charcas son parte tambi\u00e9n de una de las im\u00e1genes ic\u00f3nicas del Parque Natural, la <a href=\"https:\/\/es.wikipedia.org\/wiki\/Iglesia_de_las_Salinas\" target=\"_blank\" rel=\"noreferrer noopener\">Iglesia de Las Salinas<\/a>. Y por supuesto su imponente Faro, espectacular balc\u00f3n al mar sobre escarpados acantilados.<\/p>\n\n\n\n<h6 class=\"wp-block-heading\"><strong>Carboneras<\/strong><\/h6>\n\n\n\n<p class=\"has-text-align-justify\">Nos encant\u00f3 este pueblo blanco con un largo y agradable paseo mar\u00edtimo donde se ha cuidado el equilibrio entre pueblo pesquero y explotaci\u00f3n tur\u00edstica. Entre el enorme paseo mar\u00edtimo y el castillo de San Andr\u00e9s se encuentra el Parque Andaluz con un enorme palmeral y bellos jardines. Su principal reclamo, buena gastronom\u00eda, playas amplias y un paraje natural inigualable.<\/p>\n\n\n\n<figure class=\"wp-block-gallery aligncenter has-nested-images columns-default is-cropped is-style-rectangular wp-block-gallery-10 is-layout-flex wp-block-gallery-is-layout-flex\">\n<figure class=\"wp-block-image size-post-thumbnail\"><a href=\"https:\/\/piensoluegoviajo.com\/wp-content\/uploads\/2021\/08\/Las-Negras.jpg\" data-rel=\"lightbox-image-13\" data-rl_title=\"Las Negras\" data-rl_caption=\"Las Negras\" title=\"Las Negras\"><img decoding=\"async\" width=\"840\" height=\"560\" data-id=\"1990\" src=\"https:\/\/piensoluegoviajo.com\/wp-content\/uploads\/2021\/08\/Las-Negras-840x560.jpg\" alt=\"Las Negras\" class=\"wp-image-1990\" srcset=\"https:\/\/piensoluegoviajo.com\/wp-content\/uploads\/2021\/08\/Las-Negras-840x560.jpg 840w, https:\/\/piensoluegoviajo.com\/wp-content\/uploads\/2021\/08\/Las-Negras-120x80.jpg 120w, https:\/\/piensoluegoviajo.com\/wp-content\/uploads\/2021\/08\/Las-Negras-360x240.jpg 360w, https:\/\/piensoluegoviajo.com\/wp-content\/uploads\/2021\/08\/Las-Negras-600x400.jpg 600w\" sizes=\"(max-width: 840px) 100vw, 840px\" \/><\/a><\/figure>\n\n\n\n<figure class=\"wp-block-image size-post-thumbnail\"><a href=\"https:\/\/piensoluegoviajo.com\/wp-content\/uploads\/2021\/08\/Indalo.jpg\" data-rel=\"lightbox-image-14\" data-rl_title=\"Indalo\" data-rl_caption=\"Indalo\" title=\"Indalo\"><img decoding=\"async\" width=\"840\" height=\"560\" data-id=\"1988\" src=\"https:\/\/piensoluegoviajo.com\/wp-content\/uploads\/2021\/08\/Indalo-840x560.jpg\" alt=\"Indalo\" class=\"wp-image-1988\" srcset=\"https:\/\/piensoluegoviajo.com\/wp-content\/uploads\/2021\/08\/Indalo-840x560.jpg 840w, https:\/\/piensoluegoviajo.com\/wp-content\/uploads\/2021\/08\/Indalo-120x80.jpg 120w, https:\/\/piensoluegoviajo.com\/wp-content\/uploads\/2021\/08\/Indalo-360x240.jpg 360w, https:\/\/piensoluegoviajo.com\/wp-content\/uploads\/2021\/08\/Indalo-600x400.jpg 600w\" sizes=\"(max-width: 840px) 100vw, 840px\" \/><\/a><\/figure>\n\n\n\n<figure class=\"wp-block-image size-post-thumbnail\"><a href=\"https:\/\/piensoluegoviajo.com\/wp-content\/uploads\/2021\/08\/Mojacar.jpg\" data-rel=\"lightbox-image-15\" data-rl_title=\"Moj\u00e1car\" data-rl_caption=\"Moj\u00e1car\" title=\"Moj\u00e1car\"><img decoding=\"async\" width=\"840\" height=\"560\" data-id=\"1992\" src=\"https:\/\/piensoluegoviajo.com\/wp-content\/uploads\/2021\/08\/Mojacar-840x560.jpg\" alt=\"Moj\u00e1car\" class=\"wp-image-1992\" srcset=\"https:\/\/piensoluegoviajo.com\/wp-content\/uploads\/2021\/08\/Mojacar-840x560.jpg 840w, https:\/\/piensoluegoviajo.com\/wp-content\/uploads\/2021\/08\/Mojacar-120x80.jpg 120w, https:\/\/piensoluegoviajo.com\/wp-content\/uploads\/2021\/08\/Mojacar-360x240.jpg 360w, https:\/\/piensoluegoviajo.com\/wp-content\/uploads\/2021\/08\/Mojacar-600x400.jpg 600w\" sizes=\"(max-width: 840px) 100vw, 840px\" \/><\/a><\/figure>\n<\/figure>\n\n\n\n<p class=\"has-text-align-justify\">Tambi\u00e9n visitamos en este viaje Aguadulce, Roquetas de Mar, Almerimar perdi\u00e9ndonos en la jungla de los pl\u00e1sticos, Las Negras y Moj\u00e1car encantador, \u00fanico e imprescindible, ya de vuelta a casa. Nos dejamos bastantes cosas en el tintero, algunas por ignorancia, como la <a rel=\"noreferrer noopener\" href=\"https:\/\/goo.gl\/maps\/vGYD8faMgMo3pfBh7\" target=\"_blank\">Mesa de Rold\u00e1n<\/a> (donde tambi\u00e9n se grabaron escenas de Juego de Tronos), otras por falta de tiempo, como la duna f\u00f3sil de los Escullos o una visita a uno de los espect\u00e1culos de escenarios de pel\u00edculas del oeste como <a rel=\"noreferrer noopener\" href=\"https:\/\/www.fortbravo.org\/\" target=\"_blank\">Fort Bravo<\/a>. De camino a casa pretend\u00edamos visitar la <a href=\"http:\/\/www.geodapulpi.es\/\" target=\"_blank\" rel=\"noreferrer noopener\">Geoda de Pulp\u00ed<\/a>, una joya de la naturaleza, pero no nos acordamos de reservar con suficiente antelaci\u00f3n (entre uno y dos meses). Pero en general no salimos defraudados de esta escapada a la costa de Almer\u00eda. Os dejamos con un mapa con los lugares que hemos comentado.<\/p>\n\n\n\n<div style=\"position:relative;width:100%;padding-bottom:75%;height:0;\">\n  <iframe\n    src=\"https:\/\/www.google.com\/maps\/d\/embed?mid=1WC793c26V49z1aqJXjENIcqwqa2rKfbb\"\n    style=\"position:absolute;top:0;left:0;width:100%;height:100%;border:0;\"\n    allowfullscreen\n    loading=\"lazy\">\n  <\/iframe>\n<\/div>\n\n\n\n<div style=\"text-align:center;\"><script>function loadScript(url, callback){var script=document.createElement('script'); script.type='text\/javascript'; if (script.readyState){script.onreadystatechange=function(){if (script.readyState=='loaded' || script.readyState=='complete'){script.onreadystatechange=null; callback();}};}else{script.onload=function(){callback();};}script.src=url; document.getElementsByTagName('head')[0].appendChild(script);}loadScript('https:\/\/cdn2.civitatis.com\/js\/vendor\/iframeResizer.min.js', function(){iFrameResize({checkOrigin:false,initCallback:function(iframe){setTimeout(function(){var resizeEvent = window.document.createEvent('UIEvents'); resizeEvent.initUIEvent('resize', true, false, window, 0); iframe.dispatchEvent(resizeEvent);});}})})<\/script><iframe class=\"civitatis-iframe\" src=\"https:\/\/www.civitatis.com\/widget-activities\/?affiliated=6889&amp;display=cosy&amp;cant=6&amp;lang=es&amp;currency=EUR&amp;zone=289&amp;transfer=0&amp;cmp=Cabo de Gata&amp;width=100%&amp;hideButton=0&amp;centerContent=1&amp;typeSelection=all&amp;color=f70759&amp;typography=Montserrat&amp;removeBackground=1&amp;showShadow=1&amp;roundedButtons=1\" data-maxwidth=\"100%\" style=\"max-width: 100%\" width=\"100%\" frameborder=\"0\"><\/iframe><\/div>\n","protected":false},"excerpt":{"rendered":"<p>La segunda escapada del 2021 nos llev\u00f3 al Parque Natural del Cabo de Gata-N\u00edjar. Era nuestra primera visita a Almer\u00eda y esperamos que no sea la \u00faltima. El atractivo de sus incontables playas y calas junto a su rica gastronom\u00eda lo hace un destino m\u00e1s que apetecible.<\/p>\n","protected":false},"author":1,"featured_media":1994,"comment_status":"open","ping_status":"open","sticky":false,"template":"","format":"standard","meta":{"footnotes":""},"categories":[3,15,14,12],"tags":[],"class_list":["post-1978","post","type-post","status-publish","format-standard","has-post-thumbnail","hentry","category-destinos","category-espana","category-europa","category-fotografia"],"yoast_head":"<!-- This site is optimized with the Yoast SEO plugin v27.3 - https:\/\/yoast.com\/product\/yoast-seo-wordpress\/ -->\n<title>Almer\u00eda - Cabo de Gata<\/title>\n<meta name=\"description\" content=\"El atractivo de las incontables playas y calas de Almer\u00eda, junto a su rica gastronom\u00eda, lo hace un destino m\u00e1s que apetecible.\" \/>\n<meta name=\"robots\" content=\"index, follow, max-snippet:-1, max-image-preview:large, max-video-preview:-1\" \/>\n<link rel=\"canonical\" href=\"https:\/\/piensoluegoviajo.com\/index.php\/2021\/08\/29\/almeria-cabo-de-gata\/\" \/>\n<meta property=\"og:locale\" content=\"es_ES\" \/>\n<meta property=\"og:type\" content=\"article\" \/>\n<meta property=\"og:title\" content=\"Almer\u00eda - Cabo de Gata\" \/>\n<meta property=\"og:description\" content=\"El atractivo de las incontables playas y calas de Almer\u00eda, junto a su rica gastronom\u00eda, lo hace un destino m\u00e1s que apetecible.\" \/>\n<meta property=\"og:url\" content=\"https:\/\/piensoluegoviajo.com\/index.php\/2021\/08\/29\/almeria-cabo-de-gata\/\" \/>\n<meta property=\"og:site_name\" content=\"Pienso, luego viajo\" \/>\n<meta property=\"article:publisher\" content=\"https:\/\/www.facebook.com\/Pienso-luego-viajo-2054187354896918\" \/>\n<meta property=\"article:published_time\" content=\"2021-08-29T14:17:19+00:00\" \/>\n<meta property=\"article:modified_time\" content=\"2026-01-14T08:42:16+00:00\" \/>\n<meta property=\"og:image\" content=\"https:\/\/piensoluegoviajo.com\/wp-content\/uploads\/2021\/08\/portada-e1630246574993.jpg\" \/>\n\t<meta property=\"og:image:width\" content=\"1920\" \/>\n\t<meta property=\"og:image:height\" content=\"590\" \/>\n\t<meta property=\"og:image:type\" content=\"image\/jpeg\" \/>\n<meta name=\"author\" content=\"Pienso, luego viajo\" \/>\n<meta name=\"twitter:card\" content=\"summary_large_image\" \/>\n<meta name=\"twitter:label1\" content=\"Escrito por\" \/>\n\t<meta name=\"twitter:data1\" content=\"Pienso, luego viajo\" \/>\n\t<meta name=\"twitter:label2\" content=\"Tiempo de lectura\" \/>\n\t<meta name=\"twitter:data2\" content=\"11 minutos\" \/>\n<script type=\"application\/ld+json\" class=\"yoast-schema-graph\">{\"@context\":\"https:\\\/\\\/schema.org\",\"@graph\":[{\"@type\":\"Article\",\"@id\":\"https:\\\/\\\/piensoluegoviajo.com\\\/index.php\\\/2021\\\/08\\\/29\\\/almeria-cabo-de-gata\\\/#article\",\"isPartOf\":{\"@id\":\"https:\\\/\\\/piensoluegoviajo.com\\\/index.php\\\/2021\\\/08\\\/29\\\/almeria-cabo-de-gata\\\/\"},\"author\":{\"name\":\"Pienso, luego viajo\",\"@id\":\"https:\\\/\\\/piensoluegoviajo.com\\\/#\\\/schema\\\/person\\\/37b3e411611028c0a504363bb2898d45\"},\"headline\":\"Almer\u00eda &#8211; Cabo de Gata\",\"datePublished\":\"2021-08-29T14:17:19+00:00\",\"dateModified\":\"2026-01-14T08:42:16+00:00\",\"mainEntityOfPage\":{\"@id\":\"https:\\\/\\\/piensoluegoviajo.com\\\/index.php\\\/2021\\\/08\\\/29\\\/almeria-cabo-de-gata\\\/\"},\"wordCount\":1734,\"commentCount\":6,\"publisher\":{\"@id\":\"https:\\\/\\\/piensoluegoviajo.com\\\/#organization\"},\"image\":{\"@id\":\"https:\\\/\\\/piensoluegoviajo.com\\\/index.php\\\/2021\\\/08\\\/29\\\/almeria-cabo-de-gata\\\/#primaryimage\"},\"thumbnailUrl\":\"https:\\\/\\\/piensoluegoviajo.com\\\/wp-content\\\/uploads\\\/2021\\\/08\\\/portada-e1630246574993.jpg\",\"articleSection\":[\"Destinos\",\"Espa\u00f1a\",\"Europa\",\"Fotograf\u00eda\"],\"inLanguage\":\"es\",\"potentialAction\":[{\"@type\":\"CommentAction\",\"name\":\"Comment\",\"target\":[\"https:\\\/\\\/piensoluegoviajo.com\\\/index.php\\\/2021\\\/08\\\/29\\\/almeria-cabo-de-gata\\\/#respond\"]}]},{\"@type\":\"WebPage\",\"@id\":\"https:\\\/\\\/piensoluegoviajo.com\\\/index.php\\\/2021\\\/08\\\/29\\\/almeria-cabo-de-gata\\\/\",\"url\":\"https:\\\/\\\/piensoluegoviajo.com\\\/index.php\\\/2021\\\/08\\\/29\\\/almeria-cabo-de-gata\\\/\",\"name\":\"Almer\u00eda - Cabo de Gata\",\"isPartOf\":{\"@id\":\"https:\\\/\\\/piensoluegoviajo.com\\\/#website\"},\"primaryImageOfPage\":{\"@id\":\"https:\\\/\\\/piensoluegoviajo.com\\\/index.php\\\/2021\\\/08\\\/29\\\/almeria-cabo-de-gata\\\/#primaryimage\"},\"image\":{\"@id\":\"https:\\\/\\\/piensoluegoviajo.com\\\/index.php\\\/2021\\\/08\\\/29\\\/almeria-cabo-de-gata\\\/#primaryimage\"},\"thumbnailUrl\":\"https:\\\/\\\/piensoluegoviajo.com\\\/wp-content\\\/uploads\\\/2021\\\/08\\\/portada-e1630246574993.jpg\",\"datePublished\":\"2021-08-29T14:17:19+00:00\",\"dateModified\":\"2026-01-14T08:42:16+00:00\",\"description\":\"El atractivo de las incontables playas y calas de Almer\u00eda, junto a su rica gastronom\u00eda, lo hace un destino m\u00e1s que apetecible.\",\"breadcrumb\":{\"@id\":\"https:\\\/\\\/piensoluegoviajo.com\\\/index.php\\\/2021\\\/08\\\/29\\\/almeria-cabo-de-gata\\\/#breadcrumb\"},\"inLanguage\":\"es\",\"potentialAction\":[{\"@type\":\"ReadAction\",\"target\":[\"https:\\\/\\\/piensoluegoviajo.com\\\/index.php\\\/2021\\\/08\\\/29\\\/almeria-cabo-de-gata\\\/\"]}]},{\"@type\":\"ImageObject\",\"inLanguage\":\"es\",\"@id\":\"https:\\\/\\\/piensoluegoviajo.com\\\/index.php\\\/2021\\\/08\\\/29\\\/almeria-cabo-de-gata\\\/#primaryimage\",\"url\":\"https:\\\/\\\/piensoluegoviajo.com\\\/wp-content\\\/uploads\\\/2021\\\/08\\\/portada-e1630246574993.jpg\",\"contentUrl\":\"https:\\\/\\\/piensoluegoviajo.com\\\/wp-content\\\/uploads\\\/2021\\\/08\\\/portada-e1630246574993.jpg\",\"width\":1920,\"height\":590},{\"@type\":\"BreadcrumbList\",\"@id\":\"https:\\\/\\\/piensoluegoviajo.com\\\/index.php\\\/2021\\\/08\\\/29\\\/almeria-cabo-de-gata\\\/#breadcrumb\",\"itemListElement\":[{\"@type\":\"ListItem\",\"position\":1,\"name\":\"Portada\",\"item\":\"https:\\\/\\\/piensoluegoviajo.com\\\/\"},{\"@type\":\"ListItem\",\"position\":2,\"name\":\"Almer\u00eda &#8211; Cabo de Gata\"}]},{\"@type\":\"WebSite\",\"@id\":\"https:\\\/\\\/piensoluegoviajo.com\\\/#website\",\"url\":\"https:\\\/\\\/piensoluegoviajo.com\\\/\",\"name\":\"Pienso, luego viajo\",\"description\":\"Si no viajas, est&aacute;s perdido\",\"publisher\":{\"@id\":\"https:\\\/\\\/piensoluegoviajo.com\\\/#organization\"},\"potentialAction\":[{\"@type\":\"SearchAction\",\"target\":{\"@type\":\"EntryPoint\",\"urlTemplate\":\"https:\\\/\\\/piensoluegoviajo.com\\\/?s={search_term_string}\"},\"query-input\":{\"@type\":\"PropertyValueSpecification\",\"valueRequired\":true,\"valueName\":\"search_term_string\"}}],\"inLanguage\":\"es\"},{\"@type\":\"Organization\",\"@id\":\"https:\\\/\\\/piensoluegoviajo.com\\\/#organization\",\"name\":\"Pienso, luego viajo\",\"url\":\"https:\\\/\\\/piensoluegoviajo.com\\\/\",\"logo\":{\"@type\":\"ImageObject\",\"inLanguage\":\"es\",\"@id\":\"https:\\\/\\\/piensoluegoviajo.com\\\/#\\\/schema\\\/logo\\\/image\\\/\",\"url\":\"https:\\\/\\\/piensoluegoviajo.com\\\/wp-content\\\/uploads\\\/2024\\\/02\\\/LogoBlog_WP.jpg\",\"contentUrl\":\"https:\\\/\\\/piensoluegoviajo.com\\\/wp-content\\\/uploads\\\/2024\\\/02\\\/LogoBlog_WP.jpg\",\"width\":512,\"height\":512,\"caption\":\"Pienso, luego viajo\"},\"image\":{\"@id\":\"https:\\\/\\\/piensoluegoviajo.com\\\/#\\\/schema\\\/logo\\\/image\\\/\"},\"sameAs\":[\"https:\\\/\\\/www.facebook.com\\\/Pienso-luego-viajo-2054187354896918\",\"https:\\\/\\\/instagram.com\\\/piensoluegoviajo\",\"https:\\\/\\\/www.youtube.com\\\/@piensoluegoviajo\"]},{\"@type\":\"Person\",\"@id\":\"https:\\\/\\\/piensoluegoviajo.com\\\/#\\\/schema\\\/person\\\/37b3e411611028c0a504363bb2898d45\",\"name\":\"Pienso, luego viajo\",\"image\":{\"@type\":\"ImageObject\",\"inLanguage\":\"es\",\"@id\":\"https:\\\/\\\/secure.gravatar.com\\\/avatar\\\/84dfc8cd9ec3f0af77f30ef5227466aac6b381882eb77cb4f10b9f4c58ed8181?s=96&d=mm&r=g\",\"url\":\"https:\\\/\\\/secure.gravatar.com\\\/avatar\\\/84dfc8cd9ec3f0af77f30ef5227466aac6b381882eb77cb4f10b9f4c58ed8181?s=96&d=mm&r=g\",\"contentUrl\":\"https:\\\/\\\/secure.gravatar.com\\\/avatar\\\/84dfc8cd9ec3f0af77f30ef5227466aac6b381882eb77cb4f10b9f4c58ed8181?s=96&d=mm&r=g\",\"caption\":\"Pienso, luego viajo\"}}]}<\/script>\n<!-- \/ Yoast SEO plugin. -->","yoast_head_json":{"title":"Almer\u00eda - Cabo de Gata","description":"El atractivo de las incontables playas y calas de Almer\u00eda, junto a su rica gastronom\u00eda, lo hace un destino m\u00e1s que apetecible.","robots":{"index":"index","follow":"follow","max-snippet":"max-snippet:-1","max-image-preview":"max-image-preview:large","max-video-preview":"max-video-preview:-1"},"canonical":"https:\/\/piensoluegoviajo.com\/index.php\/2021\/08\/29\/almeria-cabo-de-gata\/","og_locale":"es_ES","og_type":"article","og_title":"Almer\u00eda - Cabo de Gata","og_description":"El atractivo de las incontables playas y calas de Almer\u00eda, junto a su rica gastronom\u00eda, lo hace un destino m\u00e1s que apetecible.","og_url":"https:\/\/piensoluegoviajo.com\/index.php\/2021\/08\/29\/almeria-cabo-de-gata\/","og_site_name":"Pienso, luego viajo","article_publisher":"https:\/\/www.facebook.com\/Pienso-luego-viajo-2054187354896918","article_published_time":"2021-08-29T14:17:19+00:00","article_modified_time":"2026-01-14T08:42:16+00:00","og_image":[{"width":1920,"height":590,"url":"https:\/\/piensoluegoviajo.com\/wp-content\/uploads\/2021\/08\/portada-e1630246574993.jpg","type":"image\/jpeg"}],"author":"Pienso, luego viajo","twitter_card":"summary_large_image","twitter_misc":{"Escrito por":"Pienso, luego viajo","Tiempo de lectura":"11 minutos"},"schema":{"@context":"https:\/\/schema.org","@graph":[{"@type":"Article","@id":"https:\/\/piensoluegoviajo.com\/index.php\/2021\/08\/29\/almeria-cabo-de-gata\/#article","isPartOf":{"@id":"https:\/\/piensoluegoviajo.com\/index.php\/2021\/08\/29\/almeria-cabo-de-gata\/"},"author":{"name":"Pienso, luego viajo","@id":"https:\/\/piensoluegoviajo.com\/#\/schema\/person\/37b3e411611028c0a504363bb2898d45"},"headline":"Almer\u00eda &#8211; Cabo de Gata","datePublished":"2021-08-29T14:17:19+00:00","dateModified":"2026-01-14T08:42:16+00:00","mainEntityOfPage":{"@id":"https:\/\/piensoluegoviajo.com\/index.php\/2021\/08\/29\/almeria-cabo-de-gata\/"},"wordCount":1734,"commentCount":6,"publisher":{"@id":"https:\/\/piensoluegoviajo.com\/#organization"},"image":{"@id":"https:\/\/piensoluegoviajo.com\/index.php\/2021\/08\/29\/almeria-cabo-de-gata\/#primaryimage"},"thumbnailUrl":"https:\/\/piensoluegoviajo.com\/wp-content\/uploads\/2021\/08\/portada-e1630246574993.jpg","articleSection":["Destinos","Espa\u00f1a","Europa","Fotograf\u00eda"],"inLanguage":"es","potentialAction":[{"@type":"CommentAction","name":"Comment","target":["https:\/\/piensoluegoviajo.com\/index.php\/2021\/08\/29\/almeria-cabo-de-gata\/#respond"]}]},{"@type":"WebPage","@id":"https:\/\/piensoluegoviajo.com\/index.php\/2021\/08\/29\/almeria-cabo-de-gata\/","url":"https:\/\/piensoluegoviajo.com\/index.php\/2021\/08\/29\/almeria-cabo-de-gata\/","name":"Almer\u00eda - Cabo de Gata","isPartOf":{"@id":"https:\/\/piensoluegoviajo.com\/#website"},"primaryImageOfPage":{"@id":"https:\/\/piensoluegoviajo.com\/index.php\/2021\/08\/29\/almeria-cabo-de-gata\/#primaryimage"},"image":{"@id":"https:\/\/piensoluegoviajo.com\/index.php\/2021\/08\/29\/almeria-cabo-de-gata\/#primaryimage"},"thumbnailUrl":"https:\/\/piensoluegoviajo.com\/wp-content\/uploads\/2021\/08\/portada-e1630246574993.jpg","datePublished":"2021-08-29T14:17:19+00:00","dateModified":"2026-01-14T08:42:16+00:00","description":"El atractivo de las incontables playas y calas de Almer\u00eda, junto a su rica gastronom\u00eda, lo hace un destino m\u00e1s que apetecible.","breadcrumb":{"@id":"https:\/\/piensoluegoviajo.com\/index.php\/2021\/08\/29\/almeria-cabo-de-gata\/#breadcrumb"},"inLanguage":"es","potentialAction":[{"@type":"ReadAction","target":["https:\/\/piensoluegoviajo.com\/index.php\/2021\/08\/29\/almeria-cabo-de-gata\/"]}]},{"@type":"ImageObject","inLanguage":"es","@id":"https:\/\/piensoluegoviajo.com\/index.php\/2021\/08\/29\/almeria-cabo-de-gata\/#primaryimage","url":"https:\/\/piensoluegoviajo.com\/wp-content\/uploads\/2021\/08\/portada-e1630246574993.jpg","contentUrl":"https:\/\/piensoluegoviajo.com\/wp-content\/uploads\/2021\/08\/portada-e1630246574993.jpg","width":1920,"height":590},{"@type":"BreadcrumbList","@id":"https:\/\/piensoluegoviajo.com\/index.php\/2021\/08\/29\/almeria-cabo-de-gata\/#breadcrumb","itemListElement":[{"@type":"ListItem","position":1,"name":"Portada","item":"https:\/\/piensoluegoviajo.com\/"},{"@type":"ListItem","position":2,"name":"Almer\u00eda &#8211; Cabo de Gata"}]},{"@type":"WebSite","@id":"https:\/\/piensoluegoviajo.com\/#website","url":"https:\/\/piensoluegoviajo.com\/","name":"Pienso, luego viajo","description":"Si no viajas, est&aacute;s perdido","publisher":{"@id":"https:\/\/piensoluegoviajo.com\/#organization"},"potentialAction":[{"@type":"SearchAction","target":{"@type":"EntryPoint","urlTemplate":"https:\/\/piensoluegoviajo.com\/?s={search_term_string}"},"query-input":{"@type":"PropertyValueSpecification","valueRequired":true,"valueName":"search_term_string"}}],"inLanguage":"es"},{"@type":"Organization","@id":"https:\/\/piensoluegoviajo.com\/#organization","name":"Pienso, luego viajo","url":"https:\/\/piensoluegoviajo.com\/","logo":{"@type":"ImageObject","inLanguage":"es","@id":"https:\/\/piensoluegoviajo.com\/#\/schema\/logo\/image\/","url":"https:\/\/piensoluegoviajo.com\/wp-content\/uploads\/2024\/02\/LogoBlog_WP.jpg","contentUrl":"https:\/\/piensoluegoviajo.com\/wp-content\/uploads\/2024\/02\/LogoBlog_WP.jpg","width":512,"height":512,"caption":"Pienso, luego viajo"},"image":{"@id":"https:\/\/piensoluegoviajo.com\/#\/schema\/logo\/image\/"},"sameAs":["https:\/\/www.facebook.com\/Pienso-luego-viajo-2054187354896918","https:\/\/instagram.com\/piensoluegoviajo","https:\/\/www.youtube.com\/@piensoluegoviajo"]},{"@type":"Person","@id":"https:\/\/piensoluegoviajo.com\/#\/schema\/person\/37b3e411611028c0a504363bb2898d45","name":"Pienso, luego viajo","image":{"@type":"ImageObject","inLanguage":"es","@id":"https:\/\/secure.gravatar.com\/avatar\/84dfc8cd9ec3f0af77f30ef5227466aac6b381882eb77cb4f10b9f4c58ed8181?s=96&d=mm&r=g","url":"https:\/\/secure.gravatar.com\/avatar\/84dfc8cd9ec3f0af77f30ef5227466aac6b381882eb77cb4f10b9f4c58ed8181?s=96&d=mm&r=g","contentUrl":"https:\/\/secure.gravatar.com\/avatar\/84dfc8cd9ec3f0af77f30ef5227466aac6b381882eb77cb4f10b9f4c58ed8181?s=96&d=mm&r=g","caption":"Pienso, luego viajo"}}]}},"_links":{"self":[{"href":"https:\/\/piensoluegoviajo.com\/index.php\/wp-json\/wp\/v2\/posts\/1978","targetHints":{"allow":["GET"]}}],"collection":[{"href":"https:\/\/piensoluegoviajo.com\/index.php\/wp-json\/wp\/v2\/posts"}],"about":[{"href":"https:\/\/piensoluegoviajo.com\/index.php\/wp-json\/wp\/v2\/types\/post"}],"author":[{"embeddable":true,"href":"https:\/\/piensoluegoviajo.com\/index.php\/wp-json\/wp\/v2\/users\/1"}],"replies":[{"embeddable":true,"href":"https:\/\/piensoluegoviajo.com\/index.php\/wp-json\/wp\/v2\/comments?post=1978"}],"version-history":[{"count":5,"href":"https:\/\/piensoluegoviajo.com\/index.php\/wp-json\/wp\/v2\/posts\/1978\/revisions"}],"predecessor-version":[{"id":4818,"href":"https:\/\/piensoluegoviajo.com\/index.php\/wp-json\/wp\/v2\/posts\/1978\/revisions\/4818"}],"wp:featuredmedia":[{"embeddable":true,"href":"https:\/\/piensoluegoviajo.com\/index.php\/wp-json\/wp\/v2\/media\/1994"}],"wp:attachment":[{"href":"https:\/\/piensoluegoviajo.com\/index.php\/wp-json\/wp\/v2\/media?parent=1978"}],"wp:term":[{"taxonomy":"category","embeddable":true,"href":"https:\/\/piensoluegoviajo.com\/index.php\/wp-json\/wp\/v2\/categories?post=1978"},{"taxonomy":"post_tag","embeddable":true,"href":"https:\/\/piensoluegoviajo.com\/index.php\/wp-json\/wp\/v2\/tags?post=1978"}],"curies":[{"name":"wp","href":"https:\/\/api.w.org\/{rel}","templated":true}]}}