{"id":2235,"date":"2022-03-13T11:35:53","date_gmt":"2022-03-13T10:35:53","guid":{"rendered":"https:\/\/piensoluegoviajo.com\/?p=2235"},"modified":"2025-02-03T08:11:31","modified_gmt":"2025-02-03T07:11:31","slug":"meteora-dos-dias-colgados-del-cielo","status":"publish","type":"post","link":"https:\/\/piensoluegoviajo.com\/index.php\/2022\/03\/13\/meteora-dos-dias-colgados-del-cielo\/","title":{"rendered":"Meteora. Dos d\u00edas colgados del cielo"},"content":{"rendered":"\n<p class=\"has-text-align-justify\">Resulta extremadamente dif\u00edcil describir con palabras las sensaciones y sentimientos que nos invadieron durante nuestra corta visita a este lugar tan ic\u00f3nico. Monasterios suspendidos en el cielo, nubes de algod\u00f3n que circundan cada elevaci\u00f3n, calma conmovedora que lo inunda todo a pesar de los reba\u00f1os de turistas incesantes. Un destino abrumador y fascinante del que da mucha pena marcharse y que deja una huella imborrable en nuestra memoria.<\/p>\n\n\n\n<p class=\"has-text-align-justify\">A 350 km de Atenas, en el pueblo de Kalambaka, encontrar\u00e9is este pedazo esencial de la cultura griega, Patrimonio de la Humanidad por la Unesco en dos categor\u00edas, naturaleza y arte, desde 1988. Te parecer\u00e1 estar en otro mundo, es un lugar \u00fanico.<\/p>\n\n\n\n<figure class=\"wp-block-gallery aligncenter has-nested-images columns-default is-cropped wp-block-gallery-1 is-layout-flex wp-block-gallery-is-layout-flex\">\n<figure class=\"wp-block-image size-large\"><a href=\"https:\/\/piensoluegoviajo.com\/wp-content\/uploads\/2022\/03\/IMG_20210908_183030.jpg\" data-rel=\"lightbox-image-0\" data-rl_title=\"Meteora\" data-rl_caption=\"Meteora\" title=\"Meteora\"><img decoding=\"async\" width=\"1920\" height=\"1055\" data-id=\"2230\" src=\"https:\/\/piensoluegoviajo.com\/wp-content\/uploads\/2022\/03\/IMG_20210908_183030.jpg\" alt=\"Meteora\" class=\"wp-image-2230\" srcset=\"https:\/\/piensoluegoviajo.com\/wp-content\/uploads\/2022\/03\/IMG_20210908_183030.jpg 1920w, https:\/\/piensoluegoviajo.com\/wp-content\/uploads\/2022\/03\/IMG_20210908_183030-300x165.jpg 300w, https:\/\/piensoluegoviajo.com\/wp-content\/uploads\/2022\/03\/IMG_20210908_183030-1024x563.jpg 1024w, https:\/\/piensoluegoviajo.com\/wp-content\/uploads\/2022\/03\/IMG_20210908_183030-768x422.jpg 768w, https:\/\/piensoluegoviajo.com\/wp-content\/uploads\/2022\/03\/IMG_20210908_183030-1536x844.jpg 1536w\" sizes=\"(max-width: 1920px) 100vw, 1920px\" \/><\/a><figcaption class=\"wp-element-caption\">Meteora<\/figcaption><\/figure>\n<\/figure>\n\n\n\n<h3 class=\"wp-block-heading has-text-align-left has-primary-color has-text-color\" id=\"historia\">Historia<\/h3>\n\n\n\n<p class=\"has-text-align-justify\">En el siglo XI los primeros monjes ortodoxos habitaron las cuevas naturales de las monta\u00f1as, para estar m\u00e1s cerca de Dios, pues se dec\u00eda que eran rocas enviadas por el cielo a la tierra. M\u00e1s tarde, en la primera mitad del siglo XIV, San Athanasios de Meteora lleg\u00f3 a esta zona y fund\u00f3 el Monasterio de la Transfiguraci\u00f3n (Gran Meteoro) con un grupo de fieles. As\u00ed se origin\u00f3 el nombre del sistema mon\u00e1stico que regir\u00e1 el resto de monasterios. Los Monasterios de Meteora (en griego, \u039c\u03b5\u03c4\u03ad\u03c9\u03c1\u03b1 \u039c\u03bf\u03bd\u03b1\u03c3\u03c4\u03ae\u03c1\u03b9\u03b1 Met\u00e9ora Monast\u00edria; es decir; Monasterios suspendidos del cielo) fueron construidos sobre la cumbre de masas rocosas de piedra arenisca bellamente talladas por la erosi\u00f3n, a una altura de 600 metros y habitados desde el siglo XIV. Subir hasta la cima los materiales para construir el templo fue una ardua tarea que llev\u00f3 entre 25 y 30 a\u00f1os, m\u00e1s otros tantos para levantarlo. Este gran monasterio no dej\u00f3 de crecer hasta ocupar toda la superficie de la cima del monte.<\/p>\n\n\n\n<p class=\"has-text-align-justify\">En el siglo XV, el momento de mayor esplendor, llegaron a existir 24 monasterios, aprovechando la abundancia de riscos y pe\u00f1ascos de la zona. De ah\u00ed la dificultad de su construcci\u00f3n, de hecho hasta el siglo XX, cuando se habilitaron caminos y v\u00edas, la \u00fanica forma de ascender a los monasterios era mediante telesillas y cuerdas con poleas. Durante la ocupaci\u00f3n turca de Grecia, los monasterios fueron el refugio de la cultura y el arte griego. Mantuvieron un patrimonio cultural que de otro modo hubiera desaparecido.<\/p>\n\n\n\n<p class=\"has-text-align-justify\">Durante la Segunda Guerra Mundial, muchos de los monasterios sufrieron la ira alemana ya que la resistencia griega se refugi\u00f3 en ellos durante la invasi\u00f3n y ocupaci\u00f3n nazi. A d\u00eda de hoy son solo 13 los que han resistido el paso del tiempo y 6 los que pueden visitarse.<\/p>\n\n\n\n<figure class=\"wp-block-gallery aligncenter has-nested-images columns-default is-cropped wp-block-gallery-2 is-layout-flex wp-block-gallery-is-layout-flex\">\n<figure class=\"wp-block-image size-large\"><a href=\"https:\/\/piensoluegoviajo.com\/wp-content\/uploads\/2022\/03\/map-meteora.jpg\" data-rel=\"lightbox-image-1\" data-rl_title=\"Mapa de los monasterios\" data-rl_caption=\"Meteora\" title=\"Mapa de los monasterios\"><img decoding=\"async\" width=\"1536\" height=\"1141\" data-id=\"2231\" src=\"https:\/\/piensoluegoviajo.com\/wp-content\/uploads\/2022\/03\/map-meteora.jpg\" alt=\"Meteora\" class=\"wp-image-2231\" srcset=\"https:\/\/piensoluegoviajo.com\/wp-content\/uploads\/2022\/03\/map-meteora.jpg 1536w, https:\/\/piensoluegoviajo.com\/wp-content\/uploads\/2022\/03\/map-meteora-300x223.jpg 300w, https:\/\/piensoluegoviajo.com\/wp-content\/uploads\/2022\/03\/map-meteora-1024x761.jpg 1024w, https:\/\/piensoluegoviajo.com\/wp-content\/uploads\/2022\/03\/map-meteora-768x571.jpg 768w\" sizes=\"(max-width: 1536px) 100vw, 1536px\" \/><\/a><figcaption class=\"wp-element-caption\">Mapa de los monasterios<\/figcaption><\/figure>\n<\/figure>\n\n\n\n<p class=\"has-text-align-justify\">Actualmente unos 70 monjes habitan estos monasterios (50 monjas y 20 monjes). En su rutina diaria, los monjes se levantan a las 4:00 am para rezar durante 3 horas, en privado o en la iglesia, luego contin\u00faan con sus tareas.<\/p>\n\n\n\n<figure class=\"wp-block-embed aligncenter is-type-video is-provider-youtube wp-block-embed-youtube wp-embed-aspect-16-9 wp-has-aspect-ratio\"><div class=\"wp-block-embed__wrapper\">\n<iframe title=\"Meteora Monasteries, Greece \ud83c\uddec\ud83c\uddf7 - by drone [4K]\" width=\"840\" height=\"473\" src=\"https:\/\/www.youtube.com\/embed\/4Wx1JkCzYko?feature=oembed\" frameborder=\"0\" allow=\"accelerometer; autoplay; clipboard-write; encrypted-media; gyroscope; picture-in-picture; web-share\" referrerpolicy=\"strict-origin-when-cross-origin\" allowfullscreen><\/iframe>\n<\/div><\/figure>\n\n\n\n<h3 class=\"wp-block-heading has-primary-color has-text-color\" id=\"consejos-para-la-visita\">Consejos para la visita<\/h3>\n\n\n\n<p class=\"has-text-align-justify\">El recorrido por los monasterios puede hacerse perfectamente por libre. Creemos que con dos d\u00edas completos es suficiente para hacer todo el recorrido.<\/p>\n\n\n\n<ul class=\"wp-block-list\">\n<li>Horarios y tarifas: El precio de la entrada a todos los monasterios es de 3\u20ac (2021). Los horarios y d\u00edas de apertura var\u00edan, todos abren el s\u00e1bado y el domingo pero lo mejor es consultar esta <a href=\"https:\/\/visitmeteora.travel\/\" target=\"_blank\" rel=\"noreferrer noopener\">web<\/a>. Tened en cuenta que los edificios abren por la ma\u00f1ana y habitualmente a las 17 horas est\u00e1n todos cerrados.<\/li>\n\n\n\n<li>Alojamiento: Nosotros nos alojamos en este <a href=\"https:\/\/www.booking.com\/hotel\/gr\/kastraki.es.html?aid=1856358&amp;no_rooms=1&amp;group_adults=2&amp;room1=A%2CA\" target=\"_blank\" rel=\"noreferrer noopener\">hotel<\/a> de Kastraki, pero tambi\u00e9n ten\u00e9is la opci\u00f3n de dormir en Kalambaka, el pueblo m\u00e1s grande y con m\u00e1s servicios.<\/li>\n\n\n\n<li>Transporte: La mejor opci\u00f3n es moverse con coche de alquiler para tener libertad de movimientos. La carretera que une los monasterios es una aut\u00e9ntica delicia y necesitar\u00e9is deteneros casi en cada curva para seguir disparando fotos. Hay un autob\u00fas que sale diariamente de Kalambaka y para en todos los monasterios, el horario lo pod\u00e9is encontrar en esta <a href=\"https:\/\/www.ktel-trikala.gr\" target=\"_blank\" rel=\"noreferrer noopener\">web<\/a>.<\/li>\n\n\n\n<li>Vestimenta: recomendamos llevar ropa y calzado c\u00f3modo, por supuesto agua, sobre todo en verano. Para la entrada, antiguamente se exig\u00edan pantalones largos para los hombres y faldas largas para las mujeres, pero tras abrirse despu\u00e9s de la pandemia est\u00e1n siendo m\u00e1s tolerantes, eso s\u00ed, las mujeres no pueden ir con pantalones ni con faldas cortas pero te prestan una especie de pareos a la entrada para cubrirte. Armaros de paciencia porque para llegar a los monasterios hay muchas escaleras, entre 100 y 300 escalones.<\/li>\n\n\n\n<li>Fotograf\u00eda: en las capillas, que albergan los frescos, no est\u00e1 permitido hacer fotos.<\/li>\n\n\n\n<li>Excursiones: aparte de las visitas a los monasterios hay tours guiados, trekkings de diversos niveles y otras experiencias como disfrutar de un incre\u00edble atardecer en alguno de los miradores a lo largo de la carretera. Nosotros no pudimos disfrutarlo porque el clima no fu\u00e9 benigno con nosotros.<\/li>\n<\/ul>\n\n\n\n<figure class=\"wp-block-gallery has-nested-images columns-default is-cropped wp-block-gallery-3 is-layout-flex wp-block-gallery-is-layout-flex\">\n<figure class=\"wp-block-image size-large\"><img decoding=\"async\" width=\"378\" height=\"378\" data-id=\"2214\" src=\"https:\/\/piensoluegoviajo.com\/wp-content\/uploads\/2022\/03\/ExcMonasterios.jpg\" alt=\"Excursi\u00f3n Monasterios\" class=\"wp-image-2214\" srcset=\"https:\/\/piensoluegoviajo.com\/wp-content\/uploads\/2022\/03\/ExcMonasterios.jpg 378w, https:\/\/piensoluegoviajo.com\/wp-content\/uploads\/2022\/03\/ExcMonasterios-300x300.jpg 300w, https:\/\/piensoluegoviajo.com\/wp-content\/uploads\/2022\/03\/ExcMonasterios-150x150.jpg 150w\" sizes=\"(max-width: 378px) 100vw, 378px\" \/><\/figure>\n\n\n\n<figure class=\"wp-block-image size-large\"><img decoding=\"async\" width=\"379\" height=\"377\" data-id=\"2234\" src=\"https:\/\/piensoluegoviajo.com\/wp-content\/uploads\/2022\/03\/SenderismoMeteora.jpg\" alt=\"Senderismo Meteora\" class=\"wp-image-2234\" srcset=\"https:\/\/piensoluegoviajo.com\/wp-content\/uploads\/2022\/03\/SenderismoMeteora.jpg 379w, https:\/\/piensoluegoviajo.com\/wp-content\/uploads\/2022\/03\/SenderismoMeteora-300x298.jpg 300w, https:\/\/piensoluegoviajo.com\/wp-content\/uploads\/2022\/03\/SenderismoMeteora-150x150.jpg 150w\" sizes=\"(max-width: 379px) 100vw, 379px\" \/><\/figure>\n\n\n\n<figure class=\"wp-block-image size-large\"><img decoding=\"async\" width=\"377\" height=\"423\" data-id=\"2213\" src=\"https:\/\/piensoluegoviajo.com\/wp-content\/uploads\/2022\/03\/AtardecerMeteora.jpg\" alt=\"Atardecer Meteora\" class=\"wp-image-2213\" srcset=\"https:\/\/piensoluegoviajo.com\/wp-content\/uploads\/2022\/03\/AtardecerMeteora.jpg 377w, https:\/\/piensoluegoviajo.com\/wp-content\/uploads\/2022\/03\/AtardecerMeteora-267x300.jpg 267w\" sizes=\"(max-width: 377px) 100vw, 377px\" \/><\/figure>\n<\/figure>\n\n\n\n<h3 class=\"wp-block-heading has-primary-color has-text-color\" id=\"los-monasterios\">Los Monasterios<\/h3>\n\n\n\n<h4 class=\"wp-block-heading\" id=\"el-gran-meteoro\">El Gran Meteoro<\/h4>\n\n\n\n<figure class=\"wp-block-gallery aligncenter has-nested-images columns-default is-cropped wp-block-gallery-4 is-layout-flex wp-block-gallery-is-layout-flex\">\n<figure class=\"wp-block-image size-large\"><a href=\"https:\/\/piensoluegoviajo.com\/wp-content\/uploads\/2022\/03\/IMG_20210908_131705.jpg\" data-rel=\"lightbox-image-2\" data-rl_title=\"Gran Meteoro\" data-rl_caption=\"Gran Meteoro\" title=\"Gran Meteoro\"><img decoding=\"async\" width=\"1920\" height=\"1080\" data-id=\"2221\" src=\"https:\/\/piensoluegoviajo.com\/wp-content\/uploads\/2022\/03\/IMG_20210908_131705.jpg\" alt=\"Gran Meteoro\" class=\"wp-image-2221\" srcset=\"https:\/\/piensoluegoviajo.com\/wp-content\/uploads\/2022\/03\/IMG_20210908_131705.jpg 1920w, https:\/\/piensoluegoviajo.com\/wp-content\/uploads\/2022\/03\/IMG_20210908_131705-300x169.jpg 300w, https:\/\/piensoluegoviajo.com\/wp-content\/uploads\/2022\/03\/IMG_20210908_131705-1024x576.jpg 1024w, https:\/\/piensoluegoviajo.com\/wp-content\/uploads\/2022\/03\/IMG_20210908_131705-768x432.jpg 768w, https:\/\/piensoluegoviajo.com\/wp-content\/uploads\/2022\/03\/IMG_20210908_131705-1536x864.jpg 1536w\" sizes=\"(max-width: 1920px) 100vw, 1920px\" \/><\/a><figcaption class=\"wp-element-caption\">Gran Meteoro<\/figcaption><\/figure>\n<\/figure>\n\n\n\n<p class=\"has-text-align-justify\">El m\u00e1s grande y uno de los m\u00e1s espectaculares. Est\u00e1 ubicado a 613 metros de altura, en la roca m\u00e1s alta de Meteora, ocupando toda su extensi\u00f3n. Es majestuoso y exuberante, en su momento fu\u00e9 el m\u00e1s rico pues recibi\u00f3 toda la fortuna del \u2018emperador de los serbios y los griegos\u2019, <a rel=\"noreferrer noopener\" href=\"https:\/\/es.wikipedia.org\/wiki\/Sime%C3%B3n_Uro%C5%A1\" target=\"_blank\">Symeon Uros<\/a>, que don\u00f3 todas sus posesiones. En 1923 se excav\u00f3 en la roca una escalera de 146 pelda\u00f1os que permite acceder al monasterio por un t\u00fanel.<\/p>\n\n\n\n<p class=\"has-text-align-justify\">Las visitas que os recomendamos una vez repuestos del esfuerzo son:<\/p>\n\n\n\n<ul class=\"wp-block-list\">\n<li>La magn\u00edfica iglesia de la Transfiguraci\u00f3n de Jes\u00fas (1438, Katholikon) decorada con coloridos frescos de la Sagrada Comuni\u00f3n o la imagen de Athanasios.<\/li>\n\n\n\n<li>Las vistas desde la terraza te dejar\u00e1n con la boca abierta.<\/li>\n\n\n\n<li>La biblioteca repleta de manuscritos bizantinos, incunables, etc. sin nada que envidiar a la abad\u00eda de \u2018<a href=\"https:\/\/es.wikipedia.org\/wiki\/El_nombre_de_la_rosa\" target=\"_blank\" rel=\"noreferrer noopener\">El nombre de la Rosa<\/a>\u2019.<\/li>\n\n\n\n<li>El osario donde descansan las calaveras de algunos monjes.<\/li>\n\n\n\n<li>Las antiguas cocinas y la bodega.<\/li>\n<\/ul>\n\n\n\n<figure class=\"wp-block-gallery aligncenter has-nested-images columns-default is-cropped is-style-rectangular wp-block-gallery-5 is-layout-flex wp-block-gallery-is-layout-flex\">\n<figure class=\"wp-block-image size-post-thumbnail\"><a href=\"https:\/\/piensoluegoviajo.com\/wp-content\/uploads\/2022\/03\/IMG_20210908_131805.jpg\" data-rel=\"lightbox-image-3\" data-rl_title=\"Escaleras. Gran Meteoro\" data-rl_caption=\"Gran Meteoro\" title=\"Escaleras. Gran Meteoro\"><img decoding=\"async\" width=\"840\" height=\"560\" data-id=\"2222\" src=\"https:\/\/piensoluegoviajo.com\/wp-content\/uploads\/2022\/03\/IMG_20210908_131805-840x560.jpg\" alt=\"Gran Meteoro\" class=\"wp-image-2222\" srcset=\"https:\/\/piensoluegoviajo.com\/wp-content\/uploads\/2022\/03\/IMG_20210908_131805-840x560.jpg 840w, https:\/\/piensoluegoviajo.com\/wp-content\/uploads\/2022\/03\/IMG_20210908_131805-120x80.jpg 120w, https:\/\/piensoluegoviajo.com\/wp-content\/uploads\/2022\/03\/IMG_20210908_131805-360x240.jpg 360w, https:\/\/piensoluegoviajo.com\/wp-content\/uploads\/2022\/03\/IMG_20210908_131805-600x400.jpg 600w\" sizes=\"(max-width: 840px) 100vw, 840px\" \/><\/a><\/figure>\n\n\n\n<figure class=\"wp-block-image size-post-thumbnail\"><a href=\"https:\/\/piensoluegoviajo.com\/wp-content\/uploads\/2022\/03\/IMG_20210908_132128.jpg\" data-rel=\"lightbox-image-4\" data-rl_title=\"\" data-rl_caption=\"Gran Meteoro\" title=\"\"><img decoding=\"async\" width=\"840\" height=\"560\" data-id=\"2223\" src=\"https:\/\/piensoluegoviajo.com\/wp-content\/uploads\/2022\/03\/IMG_20210908_132128-840x560.jpg\" alt=\"Gran Meteoro\" class=\"wp-image-2223\" srcset=\"https:\/\/piensoluegoviajo.com\/wp-content\/uploads\/2022\/03\/IMG_20210908_132128-840x560.jpg 840w, https:\/\/piensoluegoviajo.com\/wp-content\/uploads\/2022\/03\/IMG_20210908_132128-120x80.jpg 120w, https:\/\/piensoluegoviajo.com\/wp-content\/uploads\/2022\/03\/IMG_20210908_132128-360x240.jpg 360w, https:\/\/piensoluegoviajo.com\/wp-content\/uploads\/2022\/03\/IMG_20210908_132128-600x400.jpg 600w\" sizes=\"(max-width: 840px) 100vw, 840px\" \/><\/a><\/figure>\n\n\n\n<figure class=\"wp-block-image size-post-thumbnail\"><a href=\"https:\/\/piensoluegoviajo.com\/wp-content\/uploads\/2022\/03\/IMG_20210908_133154.jpg\" data-rel=\"lightbox-image-5\" data-rl_title=\"Capilla. Gran Meteoro\" data-rl_caption=\"Gran Meteoro\" title=\"Capilla. Gran Meteoro\"><img decoding=\"async\" width=\"840\" height=\"560\" data-id=\"2224\" src=\"https:\/\/piensoluegoviajo.com\/wp-content\/uploads\/2022\/03\/IMG_20210908_133154-840x560.jpg\" alt=\"Gran Meteoro\" class=\"wp-image-2224\" srcset=\"https:\/\/piensoluegoviajo.com\/wp-content\/uploads\/2022\/03\/IMG_20210908_133154-840x560.jpg 840w, https:\/\/piensoluegoviajo.com\/wp-content\/uploads\/2022\/03\/IMG_20210908_133154-120x80.jpg 120w, https:\/\/piensoluegoviajo.com\/wp-content\/uploads\/2022\/03\/IMG_20210908_133154-360x240.jpg 360w, https:\/\/piensoluegoviajo.com\/wp-content\/uploads\/2022\/03\/IMG_20210908_133154-600x400.jpg 600w\" sizes=\"(max-width: 840px) 100vw, 840px\" \/><\/a><\/figure>\n\n\n\n<figure class=\"wp-block-image size-post-thumbnail\"><a href=\"https:\/\/piensoluegoviajo.com\/wp-content\/uploads\/2022\/03\/IMG_20210908_134335.jpg\" data-rel=\"lightbox-image-6\" data-rl_title=\"Cuadro sobre la ocupaci\u00f3n nazi.\" data-rl_caption=\"Gran Meteoro\" title=\"Cuadro sobre la ocupaci\u00f3n nazi.\"><img decoding=\"async\" width=\"840\" height=\"560\" data-id=\"2226\" src=\"https:\/\/piensoluegoviajo.com\/wp-content\/uploads\/2022\/03\/IMG_20210908_134335-840x560.jpg\" alt=\"Gran Meteoro\" class=\"wp-image-2226\" srcset=\"https:\/\/piensoluegoviajo.com\/wp-content\/uploads\/2022\/03\/IMG_20210908_134335-840x560.jpg 840w, https:\/\/piensoluegoviajo.com\/wp-content\/uploads\/2022\/03\/IMG_20210908_134335-120x80.jpg 120w, https:\/\/piensoluegoviajo.com\/wp-content\/uploads\/2022\/03\/IMG_20210908_134335-360x240.jpg 360w, https:\/\/piensoluegoviajo.com\/wp-content\/uploads\/2022\/03\/IMG_20210908_134335-600x400.jpg 600w\" sizes=\"(max-width: 840px) 100vw, 840px\" \/><\/a><\/figure>\n\n\n\n<figure class=\"wp-block-image size-post-thumbnail\"><a href=\"https:\/\/piensoluegoviajo.com\/wp-content\/uploads\/2022\/03\/IMG_20210908_134909.jpg\" data-rel=\"lightbox-image-7\" data-rl_title=\"Patio. Gran Meteoro\" data-rl_caption=\"Gran Meteoro\" title=\"Patio. Gran Meteoro\"><img decoding=\"async\" width=\"840\" height=\"560\" data-id=\"2227\" src=\"https:\/\/piensoluegoviajo.com\/wp-content\/uploads\/2022\/03\/IMG_20210908_134909-840x560.jpg\" alt=\"Gran Meteoro\" class=\"wp-image-2227\" srcset=\"https:\/\/piensoluegoviajo.com\/wp-content\/uploads\/2022\/03\/IMG_20210908_134909-840x560.jpg 840w, https:\/\/piensoluegoviajo.com\/wp-content\/uploads\/2022\/03\/IMG_20210908_134909-120x80.jpg 120w, https:\/\/piensoluegoviajo.com\/wp-content\/uploads\/2022\/03\/IMG_20210908_134909-360x240.jpg 360w, https:\/\/piensoluegoviajo.com\/wp-content\/uploads\/2022\/03\/IMG_20210908_134909-600x400.jpg 600w\" sizes=\"(max-width: 840px) 100vw, 840px\" \/><\/a><\/figure>\n\n\n\n<figure class=\"wp-block-image size-post-thumbnail\"><a href=\"https:\/\/piensoluegoviajo.com\/wp-content\/uploads\/2022\/03\/IMG_20210908_135321.jpg\" data-rel=\"lightbox-image-8\" data-rl_title=\"Incensario. Gran Meteoro\" data-rl_caption=\"Gran Meteoro\" title=\"Incensario. Gran Meteoro\"><img decoding=\"async\" width=\"840\" height=\"560\" data-id=\"2228\" src=\"https:\/\/piensoluegoviajo.com\/wp-content\/uploads\/2022\/03\/IMG_20210908_135321-840x560.jpg\" alt=\"Gran Meteoro\" class=\"wp-image-2228\" srcset=\"https:\/\/piensoluegoviajo.com\/wp-content\/uploads\/2022\/03\/IMG_20210908_135321-840x560.jpg 840w, https:\/\/piensoluegoviajo.com\/wp-content\/uploads\/2022\/03\/IMG_20210908_135321-120x80.jpg 120w, https:\/\/piensoluegoviajo.com\/wp-content\/uploads\/2022\/03\/IMG_20210908_135321-360x240.jpg 360w, https:\/\/piensoluegoviajo.com\/wp-content\/uploads\/2022\/03\/IMG_20210908_135321-600x400.jpg 600w\" sizes=\"(max-width: 840px) 100vw, 840px\" \/><\/a><\/figure>\n<\/figure>\n\n\n\n<h4 class=\"wp-block-heading\" id=\"varlaam\">Varlaam<\/h4>\n\n\n\n<p class=\"has-text-align-justify\">A escasos metros del Gran Meteoro se levanta el segundo monasterio en tama\u00f1o y en importancia. El monje fundador, Varla\u00e1m, se retir\u00f3 a lo alto del monte en 1350. A su muerte la iglesia de los Tres Santos Jerarcas que hab\u00eda levantado qued\u00f3 abandonada. Seg\u00fan la leyenda, dos siglos despu\u00e9s, los monjes Theophanis y Nektarios, subieron hasta all\u00ed para ahuyentar a un monstruo. Parece que les gust\u00f3 el sitio y se dedicaron durante 22 a\u00f1os a subir los materiales necesarios para levantar el templo. Tardaron \u00fanicamente dos a\u00f1os en construirla pues se dice que Theophanis estaba muy enfermo y se aceleraron las obras para que pudiera verla terminada. En 1535 se construy\u00f3 un ascensor de madera que mejor\u00f3 indudablemente la log\u00edstica y est\u00e1 restaurado y en uso actualmente.<\/p>\n\n\n\n<figure class=\"wp-block-gallery aligncenter has-nested-images columns-default is-cropped wp-block-gallery-6 is-layout-flex wp-block-gallery-is-layout-flex\">\n<figure class=\"wp-block-image size-large\"><a href=\"https:\/\/piensoluegoviajo.com\/wp-content\/uploads\/2022\/03\/IMG_20210908_133646.jpg\" data-rel=\"lightbox-image-9\" data-rl_title=\"Varlaam\" data-rl_caption=\"Varlaam\" title=\"Varlaam\"><img decoding=\"async\" width=\"1080\" height=\"1309\" data-id=\"2225\" src=\"https:\/\/piensoluegoviajo.com\/wp-content\/uploads\/2022\/03\/IMG_20210908_133646.jpg\" alt=\"Varlaam\" class=\"wp-image-2225\" srcset=\"https:\/\/piensoluegoviajo.com\/wp-content\/uploads\/2022\/03\/IMG_20210908_133646.jpg 1080w, https:\/\/piensoluegoviajo.com\/wp-content\/uploads\/2022\/03\/IMG_20210908_133646-248x300.jpg 248w, https:\/\/piensoluegoviajo.com\/wp-content\/uploads\/2022\/03\/IMG_20210908_133646-845x1024.jpg 845w, https:\/\/piensoluegoviajo.com\/wp-content\/uploads\/2022\/03\/IMG_20210908_133646-768x931.jpg 768w\" sizes=\"(max-width: 1080px) 100vw, 1080px\" \/><\/a><figcaption class=\"wp-element-caption\">Varlaam<\/figcaption><\/figure>\n<\/figure>\n\n\n\n<p class=\"has-text-align-justify\">Antes de atravesar el puente, que da acceso a la ruta esculpida en piedra y tras las inevitables fotos, tomaros un momento para admirar el trasiego de peregrinos con velas, turistas ensimismados con la atrevida construcci\u00f3n y monjes de negro con larga barba blanca. La empinada escalera de madera, que da acceso al monasterio, fu\u00e9 tallada en 1921.<\/p>\n\n\n\n<p class=\"has-text-align-justify\">Entre las visitas que os encontrareis destacan:<\/p>\n\n\n\n<ul class=\"wp-block-list\">\n<li>La iglesia de Todos los Santos con los frescos muy bien conservados.<\/li>\n\n\n\n<li>La capilla de los Tres Santos Jerarcas.<\/li>\n\n\n\n<li>El museo cuenta con explicaciones y objetos sobre la vida de los monjes. Nos encant\u00f3 un v\u00eddeo antiguo sobre el d\u00eda a d\u00eda de los monjes, sobre todo como eran \u2018izados\u2019 con cuerdas y una polea al monasterio.<\/li>\n\n\n\n<li>El mirador de la terraza.<\/li>\n<\/ul>\n\n\n\n<figure class=\"wp-block-gallery aligncenter has-nested-images columns-default is-cropped is-style-rectangular wp-block-gallery-7 is-layout-flex wp-block-gallery-is-layout-flex\">\n<figure class=\"wp-block-image size-post-thumbnail\"><a href=\"https:\/\/piensoluegoviajo.com\/wp-content\/uploads\/2022\/03\/IMG_20210908_124650.jpg\" data-rel=\"lightbox-image-10\" data-rl_title=\"Museo. Varlaam\" data-rl_caption=\"Varlaam\" title=\"Museo. Varlaam\"><img decoding=\"async\" width=\"840\" height=\"560\" data-id=\"2220\" src=\"https:\/\/piensoluegoviajo.com\/wp-content\/uploads\/2022\/03\/IMG_20210908_124650-840x560.jpg\" alt=\"Varlaam\" class=\"wp-image-2220\" srcset=\"https:\/\/piensoluegoviajo.com\/wp-content\/uploads\/2022\/03\/IMG_20210908_124650-840x560.jpg 840w, https:\/\/piensoluegoviajo.com\/wp-content\/uploads\/2022\/03\/IMG_20210908_124650-120x80.jpg 120w, https:\/\/piensoluegoviajo.com\/wp-content\/uploads\/2022\/03\/IMG_20210908_124650-360x240.jpg 360w, https:\/\/piensoluegoviajo.com\/wp-content\/uploads\/2022\/03\/IMG_20210908_124650-600x400.jpg 600w\" sizes=\"(max-width: 840px) 100vw, 840px\" \/><\/a><\/figure>\n\n\n\n<figure class=\"wp-block-image size-post-thumbnail\"><a href=\"https:\/\/piensoluegoviajo.com\/wp-content\/uploads\/2022\/03\/IMG_20210908_115256.jpg\" data-rel=\"lightbox-image-11\" data-rl_title=\"Varlaam\" data-rl_caption=\"Varlaam\" title=\"Varlaam\"><img decoding=\"async\" width=\"840\" height=\"560\" data-id=\"2219\" src=\"https:\/\/piensoluegoviajo.com\/wp-content\/uploads\/2022\/03\/IMG_20210908_115256-840x560.jpg\" alt=\"Varlaam\" class=\"wp-image-2219\" srcset=\"https:\/\/piensoluegoviajo.com\/wp-content\/uploads\/2022\/03\/IMG_20210908_115256-840x560.jpg 840w, https:\/\/piensoluegoviajo.com\/wp-content\/uploads\/2022\/03\/IMG_20210908_115256-120x80.jpg 120w, https:\/\/piensoluegoviajo.com\/wp-content\/uploads\/2022\/03\/IMG_20210908_115256-360x240.jpg 360w, https:\/\/piensoluegoviajo.com\/wp-content\/uploads\/2022\/03\/IMG_20210908_115256-600x400.jpg 600w\" sizes=\"(max-width: 840px) 100vw, 840px\" \/><\/a><\/figure>\n<\/figure>\n\n\n\n<h4 class=\"wp-block-heading\" id=\"santisima-trinidad-agia-trias\">Sant\u00edsima Trinidad (Agia Trias)<\/h4>\n\n\n\n<p class=\"has-text-align-justify\">Es el m\u00e1s pr\u00f3ximo a Kalambaka. Hay una ruta sencilla de senderismo que parte del pueblo y discurre por el bosque llegando a la entrada del monasterio en unos 50 minutos. El acceso es el m\u00e1s inc\u00f3modo, pues su empinada escalera de 140 pelda\u00f1os bien parece que est\u00e9s escalando en alguno de sus tramos. La joya que encierra en sus muros son los frescos del siglo XVII de la capilla de San Juan Bautista. Durante la invasi\u00f3n nazi muchas de sus reliquias fueron saqueadas. Posteriormente algunas de estas obras fueron rescatadas y se conservan en el monasterio de San Esteban. Nosotros nos quedamos sin tiempo para visitarlo y reservamos un rato por la tarde para fotografiarlo pero la niebla nos priv\u00f3 de hacerlo.<\/p>\n\n\n\n<figure class=\"wp-block-gallery aligncenter has-nested-images columns-default is-cropped wp-block-gallery-8 is-layout-flex wp-block-gallery-is-layout-flex\">\n<figure class=\"wp-block-image size-large\"><img decoding=\"async\" width=\"1080\" height=\"1370\" data-id=\"2242\" src=\"https:\/\/piensoluegoviajo.com\/wp-content\/uploads\/2022\/03\/Agia_Trias.jpg\" alt=\"Agia Trias\" class=\"wp-image-2242\" srcset=\"https:\/\/piensoluegoviajo.com\/wp-content\/uploads\/2022\/03\/Agia_Trias.jpg 1080w, https:\/\/piensoluegoviajo.com\/wp-content\/uploads\/2022\/03\/Agia_Trias-236x300.jpg 236w, https:\/\/piensoluegoviajo.com\/wp-content\/uploads\/2022\/03\/Agia_Trias-807x1024.jpg 807w, https:\/\/piensoluegoviajo.com\/wp-content\/uploads\/2022\/03\/Agia_Trias-768x974.jpg 768w\" sizes=\"(max-width: 1080px) 100vw, 1080px\" \/><figcaption class=\"wp-element-caption\">Sant\u00edsima Trinidad (Fotograf\u00eda Guillen P\u00e9rez @mossaiq)<\/figcaption><\/figure>\n<\/figure>\n\n\n\n<h4 class=\"wp-block-heading\" id=\"san-esteban-agios-stefanos\">San Esteban (Agios Stefanos)<\/h4>\n\n\n\n<p class=\"has-text-align-justify\">Est\u00e1 justo al lado del Agia Trias y es de muy f\u00e1cil acceso, ya que s\u00f3lo hay que atravesar un puente de 8 metros. La orden mon\u00e1stica es de las m\u00e1s antiguas, fundada en el siglo XII en lo alto de la roca. Durante la Segunda Guerra Mundial y la Guerra civil griega los edificios resultaron muy da\u00f1ados y las iglesias de San Esteban y San Charalambos siguen en perpetua restauraci\u00f3n. Desde 1961 est\u00e1 habitado \u00fanicamente por monjas. No pudimos visitarlo dado que no nos coincidi\u00f3 el horario de apertura con nuestra visita a Meteora.<\/p>\n\n\n\n<figure class=\"wp-block-gallery aligncenter has-nested-images columns-default is-cropped wp-block-gallery-9 is-layout-flex wp-block-gallery-is-layout-flex\">\n<figure class=\"wp-block-image size-large\"><a href=\"https:\/\/piensoluegoviajo.com\/wp-content\/uploads\/2022\/03\/Agios_Stefanos.jpg\" data-rel=\"lightbox-image-12\" data-rl_title=\"San Esteba (Fotograf\u00eda @TijsB)\" data-rl_caption=\"Agios Stefanos\" title=\"San Esteba (Fotograf\u00eda @TijsB)\"><img decoding=\"async\" width=\"1920\" height=\"980\" data-id=\"2241\" src=\"https:\/\/piensoluegoviajo.com\/wp-content\/uploads\/2022\/03\/Agios_Stefanos.jpg\" alt=\"Agios Stefanos\" class=\"wp-image-2241\" srcset=\"https:\/\/piensoluegoviajo.com\/wp-content\/uploads\/2022\/03\/Agios_Stefanos.jpg 1920w, https:\/\/piensoluegoviajo.com\/wp-content\/uploads\/2022\/03\/Agios_Stefanos-300x153.jpg 300w, https:\/\/piensoluegoviajo.com\/wp-content\/uploads\/2022\/03\/Agios_Stefanos-1024x523.jpg 1024w, https:\/\/piensoluegoviajo.com\/wp-content\/uploads\/2022\/03\/Agios_Stefanos-768x392.jpg 768w, https:\/\/piensoluegoviajo.com\/wp-content\/uploads\/2022\/03\/Agios_Stefanos-1536x784.jpg 1536w\" sizes=\"(max-width: 1920px) 100vw, 1920px\" \/><\/a><figcaption class=\"wp-element-caption\">San Esteban (Fotograf\u00eda  TijsB)<\/figcaption><\/figure>\n<\/figure>\n\n\n\n<h4 class=\"wp-block-heading\" id=\"san-nicolas-agios-nikolaos-anapafsas\">San Nicol\u00e1s (Agios Nikolaos Anapafsas)<\/h4>\n\n\n\n<p class=\"has-text-align-justify\">Es el m\u00e1s cercano al pueblo de Kastraki y el primero que visitamos. La traducci\u00f3n de su nombre completo, San Nicol\u00e1s de Anapafsas, podr\u00eda ser el que te apoya o te deja descansar. La silueta del edificio recortado sobre la gigantesca roca impresiona y es la estampa perfecta de Meteora. La subida es relativamente sencilla con rampas no muy empinadas. Una vez arriba hay un mirador y una bonita zona de descanso. Quiz\u00e1 sea el menos visitado pues es m\u00e1s recogido y cuenta con menos superficie que el resto. Est\u00e1 constru\u00eddo en vertical, planta sobre planta, hasta tres y no tiene claustro. A\u00fan as\u00ed la iglesia de planta cuadrada, del siglo XVI, cuenta con unos frescos impresionantes. Durante la visita pude ver al \u00fanico monje del monasterio en una de las dependencias; por respeto no le hice ninguna foto. Hay una peque\u00f1a tienda de recuerdos donde encontr\u00e9 una gu\u00eda de Meteora en espa\u00f1ol.<\/p>\n\n\n\n<div class=\"wp-block-responsive-lightbox-gallery\"><div class=\"rl-gallery-container splide rl-loading\" id=\"rl-gallery-container-1\" data-gallery_id=\"3854\"> <div class=\"rl-gallery rl-basicslider-gallery splide__track rl-hover-effect-2\" id=\"rl-gallery-1\" data-gallery_no=\"1\"> <ul class=\"splide__list\"> <li class=\"rl-gallery-item splide__slide\" data-thumb=\"https:\/\/piensoluegoviajo.com\/wp-content\/uploads\/2022\/03\/AgiosNikolaos-600x400.jpg\"> <a href=\"https:\/\/piensoluegoviajo.com\/wp-content\/uploads\/2022\/03\/AgiosNikolaos.jpg\" title=\"Agios Nikolaos Anapafsas\" data-rl_title=\"Agios Nikolaos Anapafsas\" class=\"rl-gallery-link\" data-rl_caption=\"Agios Nikolaos Anapafsas\" data-rel=\"lightbox-gallery-1\"><img decoding=\"async\" src=\"https:\/\/piensoluegoviajo.com\/wp-content\/uploads\/2022\/03\/AgiosNikolaos-600x400.jpg\" width=\"600\" height=\"400\" alt=\"Agios Nikolaos Anapafsas\" \/><span class=\"rl-gallery-caption\"><span class=\"rl-gallery-item-caption\">Agios Nikolaos Anapafsas<\/span><\/span><\/a> <\/li> <li class=\"rl-gallery-item splide__slide\" data-thumb=\"https:\/\/piensoluegoviajo.com\/wp-content\/uploads\/2022\/03\/IMG_20210908_110100-600x400.jpg\"> <a href=\"https:\/\/piensoluegoviajo.com\/wp-content\/uploads\/2022\/03\/IMG_20210908_110100.jpg\" title=\"Ascensor. Agios Nikolaos.\" data-rl_title=\"Ascensor. Agios Nikolaos.\" class=\"rl-gallery-link\" data-rl_caption=\"Agios Nikolaos Anapafsas\" data-rel=\"lightbox-gallery-1\"><img decoding=\"async\" src=\"https:\/\/piensoluegoviajo.com\/wp-content\/uploads\/2022\/03\/IMG_20210908_110100-600x400.jpg\" width=\"600\" height=\"400\" alt=\"Agios Nikolaos Anapafsas\" \/><span class=\"rl-gallery-caption\"><span class=\"rl-gallery-item-caption\">Ascensor. Agios Nikolaos.<\/span><\/span><\/a> <\/li> <li class=\"rl-gallery-item splide__slide\" data-thumb=\"https:\/\/piensoluegoviajo.com\/wp-content\/uploads\/2022\/03\/IMG_20210908_110210-600x400.jpg\"> <a href=\"https:\/\/piensoluegoviajo.com\/wp-content\/uploads\/2022\/03\/IMG_20210908_110210.jpg\" title=\"Terraza. Agios Nikolaos\" data-rl_title=\"Terraza. Agios Nikolaos\" class=\"rl-gallery-link\" data-rl_caption=\"Agios Nikolaos Anapafsas\" data-rel=\"lightbox-gallery-1\"><img decoding=\"async\" src=\"https:\/\/piensoluegoviajo.com\/wp-content\/uploads\/2022\/03\/IMG_20210908_110210-600x400.jpg\" width=\"600\" height=\"400\" alt=\"Agios Nikolaos Anapafsas\" \/><span class=\"rl-gallery-caption\"><span class=\"rl-gallery-item-caption\">Terraza. Agios Nikolaos<\/span><\/span><\/a> <\/li> <li class=\"rl-gallery-item splide__slide\" data-thumb=\"https:\/\/piensoluegoviajo.com\/wp-content\/uploads\/2022\/03\/IMG_20210908_110449-600x400.jpg\"> <a href=\"https:\/\/piensoluegoviajo.com\/wp-content\/uploads\/2022\/03\/IMG_20210908_110449.jpg\" title=\"Campanario. Agios Nikolaos Anapafsas\" data-rl_title=\"Campanario. Agios Nikolaos Anapafsas\" class=\"rl-gallery-link\" data-rl_caption=\"Agios Nikolaos Anapafsas\" data-rel=\"lightbox-gallery-1\"><img decoding=\"async\" src=\"https:\/\/piensoluegoviajo.com\/wp-content\/uploads\/2022\/03\/IMG_20210908_110449-600x400.jpg\" width=\"600\" height=\"400\" alt=\"Agios Nikolaos Anapafsas\" \/><span class=\"rl-gallery-caption\"><span class=\"rl-gallery-item-caption\">Campanario. Agios Nikolaos Anapafsas<\/span><\/span><\/a> <\/li> <\/ul> <\/div> <\/div><\/div>\n\n\n\n<h4 class=\"wp-block-heading\" id=\"roussanou-o-de-santa-barbara\">Roussanou o de Santa B\u00e1rbara<\/h4>\n\n\n\n<p class=\"has-text-align-justify\">Es uno de los m\u00e1s peque\u00f1os, fundado a mediados del siglo XV y dedicado a Santa B\u00e1rbara. Los monjes que lo habitaron fueron perdiendo poder a lo largo de los siglos y tras la SGM fu\u00e9 abandonado debido a los da\u00f1os. Desde 1988 se ha convertido en convento de monjas y se ha restaurado. Para el acceso no hay escaleras, s\u00f3lo una peque\u00f1a rampa. Durante nuestra estancia estuvo cerrado por covid.<\/p>\n\n\n\n<figure class=\"wp-block-gallery aligncenter has-nested-images columns-default is-cropped wp-block-gallery-10 is-layout-flex wp-block-gallery-is-layout-flex\">\n<figure class=\"wp-block-image size-large\"><a href=\"https:\/\/piensoluegoviajo.com\/wp-content\/uploads\/2022\/03\/Roussanou.jpg\" data-rel=\"lightbox-image-17\" data-rl_title=\"Roussanou\" data-rl_caption=\"Roussanou\" title=\"Roussanou\"><img decoding=\"async\" width=\"1416\" height=\"753\" data-id=\"2233\" src=\"https:\/\/piensoluegoviajo.com\/wp-content\/uploads\/2022\/03\/Roussanou.jpg\" alt=\"Roussanou\" class=\"wp-image-2233\" srcset=\"https:\/\/piensoluegoviajo.com\/wp-content\/uploads\/2022\/03\/Roussanou.jpg 1416w, https:\/\/piensoluegoviajo.com\/wp-content\/uploads\/2022\/03\/Roussanou-300x160.jpg 300w, https:\/\/piensoluegoviajo.com\/wp-content\/uploads\/2022\/03\/Roussanou-1024x545.jpg 1024w, https:\/\/piensoluegoviajo.com\/wp-content\/uploads\/2022\/03\/Roussanou-768x408.jpg 768w\" sizes=\"(max-width: 1416px) 100vw, 1416px\" \/><\/a><figcaption class=\"wp-element-caption\">Roussanou<\/figcaption><\/figure>\n<\/figure>\n\n\n\n<h3 class=\"wp-block-heading has-primary-color has-text-color\" id=\"curiosidades\">Curiosidades<\/h3>\n\n\n\n<p class=\"has-text-align-justify\">Los altares dentro de los monasterios miran hacia el este, para encontrarse con la luz naciente.<\/p>\n\n\n\n<p class=\"has-text-align-justify\">En el meteoro llamado \u2018Holy Spirit\u2019 hay una peque\u00f1a cavidad que se us\u00f3 hace tiempo como prisi\u00f3n para los monjes que comet\u00edan alg\u00fan delito. Son 14 niveles de madera formando una especie de andamio y encajonados en la roca. Desobedecer las \u00f3rdenes de un superior ya era una falta suficiente para pasar varios d\u00edas a la intemperie.<\/p>\n\n\n\n<p class=\"has-text-align-justify\">La reina Mar\u00eda de Rumania fue la primera mujer visitante oficial en 1921.<\/p>\n\n\n\n<p class=\"has-text-align-justify\">Durante la SGM el monasterio de Varlaam sufri\u00f3 un gran incendio. Las mujeres de Kalambaka fueron las que ayudaron a los monjes a apagarlo, pues sus maridos se encontraban luchando en la guerra. Como recompensa por la ayuda, se les permiti\u00f3 a las monjas habitar dos monasterios abandonados, el de San Esteban y el de Roussanou.<\/p>\n\n\n\n<p class=\"has-text-align-justify\">El monasterio de la Sant\u00edsima Trinidad fu\u00e9 el escenario del rodaje de una pel\u00edcula de James Bond, \u2018<a href=\"https:\/\/es.wikipedia.org\/wiki\/For_Your_Eyes_Only\" target=\"_blank\" rel=\"noreferrer noopener\">S\u00f3lo para sus ojos<\/a>\u2019, pero se hizo una r\u00e9plica en una roca cercana ya que no se permiti\u00f3 filmar dentro de \u00e9l.<\/p>\n\n\n\n<figure class=\"wp-block-embed aligncenter is-type-video is-provider-youtube wp-block-embed-youtube wp-embed-aspect-16-9 wp-has-aspect-ratio\"><div class=\"wp-block-embed__wrapper\">\n<iframe title=\"James Bond at Meteora Monastery\" width=\"840\" height=\"473\" src=\"https:\/\/www.youtube.com\/embed\/1rmIY-eLGeA?feature=oembed\" frameborder=\"0\" allow=\"accelerometer; autoplay; clipboard-write; encrypted-media; gyroscope; picture-in-picture; web-share\" referrerpolicy=\"strict-origin-when-cross-origin\" allowfullscreen><\/iframe>\n<\/div><\/figure>\n\n\n\n<p class=\"has-text-align-justify\">Meteora cuenta con una red de senderos de 35 km de largo que incluye excelentes vistas de las cuevas y los monasterios.<\/p>\n\n\n\n<p class=\"has-text-align-justify\">Para m\u00ed especialmente Meteora se encuentra a la altura de las pir\u00e1mides de Egipto o de la Gran Muralla China salvando las distancias. Una maravilla del mundo antiguo que merece estar, por m\u00e9ritos propios, en el cuaderno de ruta de tu pr\u00f3ximo viaje.<\/p>\n\n\n<figure class=\"aligncenter wp-block-post-featured-image\"><img decoding=\"async\" width=\"840\" height=\"560\" src=\"https:\/\/piensoluegoviajo.com\/wp-content\/uploads\/2022\/03\/Portada-840x560.jpg\" class=\"attachment-post-thumbnail size-post-thumbnail wp-post-image\" alt=\"Meteora\" style=\"object-fit:cover;\" srcset=\"https:\/\/piensoluegoviajo.com\/wp-content\/uploads\/2022\/03\/Portada-840x560.jpg 840w, https:\/\/piensoluegoviajo.com\/wp-content\/uploads\/2022\/03\/Portada-120x80.jpg 120w, https:\/\/piensoluegoviajo.com\/wp-content\/uploads\/2022\/03\/Portada-360x240.jpg 360w, https:\/\/piensoluegoviajo.com\/wp-content\/uploads\/2022\/03\/Portada-600x400.jpg 600w\" sizes=\"(max-width: 840px) 100vw, 840px\" \/><\/figure>","protected":false},"excerpt":{"rendered":"<p>Resulta extremadamente dif\u00edcil describir con palabras las sensaciones y sentimientos que nos invadieron durante nuestra corta visita a este lugar tan ic\u00f3nico. Monasterios suspendidos en el cielo, nubes de algod\u00f3n que circundan cada elevaci\u00f3n, calma conmovedora que lo inunda todo a pesar de los reba\u00f1os de turistas incesantes. Un destino abrumador y fascinante del que da mucha pena marcharse y que deja una huella imborrable en nuestra memoria.<\/p>\n","protected":false},"author":1,"featured_media":2232,"comment_status":"open","ping_status":"open","sticky":false,"template":"","format":"standard","meta":{"footnotes":""},"categories":[3,14,12,28],"tags":[],"class_list":["post-2235","post","type-post","status-publish","format-standard","has-post-thumbnail","hentry","category-destinos","category-europa","category-fotografia","category-grecia"],"yoast_head":"<!-- This site is optimized with the Yoast SEO plugin v27.3 - https:\/\/yoast.com\/product\/yoast-seo-wordpress\/ -->\n<title>Meteora. Dos d\u00edas colgados del cielo<\/title>\n<meta name=\"description\" content=\"Monasterios suspendidos en el cielo, nubes de algod\u00f3n que circundan cada elevaci\u00f3n, calma conmovedora que lo inunda todo.\" \/>\n<meta name=\"robots\" content=\"index, follow, max-snippet:-1, max-image-preview:large, max-video-preview:-1\" \/>\n<link rel=\"canonical\" href=\"https:\/\/piensoluegoviajo.com\/index.php\/2022\/03\/13\/meteora-dos-dias-colgados-del-cielo\/\" \/>\n<meta property=\"og:locale\" content=\"es_ES\" \/>\n<meta property=\"og:type\" content=\"article\" \/>\n<meta property=\"og:title\" content=\"Meteora. Dos d\u00edas colgados del cielo\" \/>\n<meta property=\"og:description\" content=\"Monasterios suspendidos en el cielo, nubes de algod\u00f3n que circundan cada elevaci\u00f3n, calma conmovedora que lo inunda todo.\" \/>\n<meta property=\"og:url\" content=\"https:\/\/piensoluegoviajo.com\/index.php\/2022\/03\/13\/meteora-dos-dias-colgados-del-cielo\/\" \/>\n<meta property=\"og:site_name\" content=\"Pienso, luego viajo\" \/>\n<meta property=\"article:publisher\" content=\"https:\/\/www.facebook.com\/Pienso-luego-viajo-2054187354896918\" \/>\n<meta property=\"article:published_time\" content=\"2022-03-13T10:35:53+00:00\" \/>\n<meta property=\"article:modified_time\" content=\"2025-02-03T07:11:31+00:00\" \/>\n<meta property=\"og:image\" content=\"https:\/\/piensoluegoviajo.com\/wp-content\/uploads\/2022\/03\/Portada-scaled.jpg\" \/>\n\t<meta property=\"og:image:width\" content=\"2560\" \/>\n\t<meta property=\"og:image:height\" content=\"930\" \/>\n\t<meta property=\"og:image:type\" content=\"image\/jpeg\" \/>\n<meta name=\"author\" content=\"Pienso, luego viajo\" \/>\n<meta name=\"twitter:card\" content=\"summary_large_image\" \/>\n<meta name=\"twitter:label1\" content=\"Escrito por\" \/>\n\t<meta name=\"twitter:data1\" content=\"Pienso, luego viajo\" \/>\n\t<meta name=\"twitter:label2\" content=\"Tiempo de lectura\" \/>\n\t<meta name=\"twitter:data2\" content=\"13 minutos\" \/>\n<script type=\"application\/ld+json\" class=\"yoast-schema-graph\">{\"@context\":\"https:\\\/\\\/schema.org\",\"@graph\":[{\"@type\":\"Article\",\"@id\":\"https:\\\/\\\/piensoluegoviajo.com\\\/index.php\\\/2022\\\/03\\\/13\\\/meteora-dos-dias-colgados-del-cielo\\\/#article\",\"isPartOf\":{\"@id\":\"https:\\\/\\\/piensoluegoviajo.com\\\/index.php\\\/2022\\\/03\\\/13\\\/meteora-dos-dias-colgados-del-cielo\\\/\"},\"author\":{\"name\":\"Pienso, luego viajo\",\"@id\":\"https:\\\/\\\/piensoluegoviajo.com\\\/#\\\/schema\\\/person\\\/37b3e411611028c0a504363bb2898d45\"},\"headline\":\"Meteora. Dos d\u00edas colgados del cielo\",\"datePublished\":\"2022-03-13T10:35:53+00:00\",\"dateModified\":\"2025-02-03T07:11:31+00:00\",\"mainEntityOfPage\":{\"@id\":\"https:\\\/\\\/piensoluegoviajo.com\\\/index.php\\\/2022\\\/03\\\/13\\\/meteora-dos-dias-colgados-del-cielo\\\/\"},\"wordCount\":2016,\"commentCount\":6,\"publisher\":{\"@id\":\"https:\\\/\\\/piensoluegoviajo.com\\\/#organization\"},\"image\":{\"@id\":\"https:\\\/\\\/piensoluegoviajo.com\\\/index.php\\\/2022\\\/03\\\/13\\\/meteora-dos-dias-colgados-del-cielo\\\/#primaryimage\"},\"thumbnailUrl\":\"https:\\\/\\\/piensoluegoviajo.com\\\/wp-content\\\/uploads\\\/2022\\\/03\\\/Portada-scaled.jpg\",\"articleSection\":[\"Destinos\",\"Europa\",\"Fotograf\u00eda\",\"Grecia\"],\"inLanguage\":\"es\",\"potentialAction\":[{\"@type\":\"CommentAction\",\"name\":\"Comment\",\"target\":[\"https:\\\/\\\/piensoluegoviajo.com\\\/index.php\\\/2022\\\/03\\\/13\\\/meteora-dos-dias-colgados-del-cielo\\\/#respond\"]}]},{\"@type\":\"WebPage\",\"@id\":\"https:\\\/\\\/piensoluegoviajo.com\\\/index.php\\\/2022\\\/03\\\/13\\\/meteora-dos-dias-colgados-del-cielo\\\/\",\"url\":\"https:\\\/\\\/piensoluegoviajo.com\\\/index.php\\\/2022\\\/03\\\/13\\\/meteora-dos-dias-colgados-del-cielo\\\/\",\"name\":\"Meteora. Dos d\u00edas colgados del cielo\",\"isPartOf\":{\"@id\":\"https:\\\/\\\/piensoluegoviajo.com\\\/#website\"},\"primaryImageOfPage\":{\"@id\":\"https:\\\/\\\/piensoluegoviajo.com\\\/index.php\\\/2022\\\/03\\\/13\\\/meteora-dos-dias-colgados-del-cielo\\\/#primaryimage\"},\"image\":{\"@id\":\"https:\\\/\\\/piensoluegoviajo.com\\\/index.php\\\/2022\\\/03\\\/13\\\/meteora-dos-dias-colgados-del-cielo\\\/#primaryimage\"},\"thumbnailUrl\":\"https:\\\/\\\/piensoluegoviajo.com\\\/wp-content\\\/uploads\\\/2022\\\/03\\\/Portada-scaled.jpg\",\"datePublished\":\"2022-03-13T10:35:53+00:00\",\"dateModified\":\"2025-02-03T07:11:31+00:00\",\"description\":\"Monasterios suspendidos en el cielo, nubes de algod\u00f3n que circundan cada elevaci\u00f3n, calma conmovedora que lo inunda todo.\",\"breadcrumb\":{\"@id\":\"https:\\\/\\\/piensoluegoviajo.com\\\/index.php\\\/2022\\\/03\\\/13\\\/meteora-dos-dias-colgados-del-cielo\\\/#breadcrumb\"},\"inLanguage\":\"es\",\"potentialAction\":[{\"@type\":\"ReadAction\",\"target\":[\"https:\\\/\\\/piensoluegoviajo.com\\\/index.php\\\/2022\\\/03\\\/13\\\/meteora-dos-dias-colgados-del-cielo\\\/\"]}]},{\"@type\":\"ImageObject\",\"inLanguage\":\"es\",\"@id\":\"https:\\\/\\\/piensoluegoviajo.com\\\/index.php\\\/2022\\\/03\\\/13\\\/meteora-dos-dias-colgados-del-cielo\\\/#primaryimage\",\"url\":\"https:\\\/\\\/piensoluegoviajo.com\\\/wp-content\\\/uploads\\\/2022\\\/03\\\/Portada-scaled.jpg\",\"contentUrl\":\"https:\\\/\\\/piensoluegoviajo.com\\\/wp-content\\\/uploads\\\/2022\\\/03\\\/Portada-scaled.jpg\",\"width\":2560,\"height\":930,\"caption\":\"Meteora\"},{\"@type\":\"BreadcrumbList\",\"@id\":\"https:\\\/\\\/piensoluegoviajo.com\\\/index.php\\\/2022\\\/03\\\/13\\\/meteora-dos-dias-colgados-del-cielo\\\/#breadcrumb\",\"itemListElement\":[{\"@type\":\"ListItem\",\"position\":1,\"name\":\"Portada\",\"item\":\"https:\\\/\\\/piensoluegoviajo.com\\\/\"},{\"@type\":\"ListItem\",\"position\":2,\"name\":\"Meteora. Dos d\u00edas colgados del cielo\"}]},{\"@type\":\"WebSite\",\"@id\":\"https:\\\/\\\/piensoluegoviajo.com\\\/#website\",\"url\":\"https:\\\/\\\/piensoluegoviajo.com\\\/\",\"name\":\"Pienso, luego viajo\",\"description\":\"Si no viajas, est&aacute;s perdido\",\"publisher\":{\"@id\":\"https:\\\/\\\/piensoluegoviajo.com\\\/#organization\"},\"potentialAction\":[{\"@type\":\"SearchAction\",\"target\":{\"@type\":\"EntryPoint\",\"urlTemplate\":\"https:\\\/\\\/piensoluegoviajo.com\\\/?s={search_term_string}\"},\"query-input\":{\"@type\":\"PropertyValueSpecification\",\"valueRequired\":true,\"valueName\":\"search_term_string\"}}],\"inLanguage\":\"es\"},{\"@type\":\"Organization\",\"@id\":\"https:\\\/\\\/piensoluegoviajo.com\\\/#organization\",\"name\":\"Pienso, luego viajo\",\"url\":\"https:\\\/\\\/piensoluegoviajo.com\\\/\",\"logo\":{\"@type\":\"ImageObject\",\"inLanguage\":\"es\",\"@id\":\"https:\\\/\\\/piensoluegoviajo.com\\\/#\\\/schema\\\/logo\\\/image\\\/\",\"url\":\"https:\\\/\\\/piensoluegoviajo.com\\\/wp-content\\\/uploads\\\/2024\\\/02\\\/LogoBlog_WP.jpg\",\"contentUrl\":\"https:\\\/\\\/piensoluegoviajo.com\\\/wp-content\\\/uploads\\\/2024\\\/02\\\/LogoBlog_WP.jpg\",\"width\":512,\"height\":512,\"caption\":\"Pienso, luego viajo\"},\"image\":{\"@id\":\"https:\\\/\\\/piensoluegoviajo.com\\\/#\\\/schema\\\/logo\\\/image\\\/\"},\"sameAs\":[\"https:\\\/\\\/www.facebook.com\\\/Pienso-luego-viajo-2054187354896918\",\"https:\\\/\\\/instagram.com\\\/piensoluegoviajo\",\"https:\\\/\\\/www.youtube.com\\\/@piensoluegoviajo\"]},{\"@type\":\"Person\",\"@id\":\"https:\\\/\\\/piensoluegoviajo.com\\\/#\\\/schema\\\/person\\\/37b3e411611028c0a504363bb2898d45\",\"name\":\"Pienso, luego viajo\",\"image\":{\"@type\":\"ImageObject\",\"inLanguage\":\"es\",\"@id\":\"https:\\\/\\\/secure.gravatar.com\\\/avatar\\\/84dfc8cd9ec3f0af77f30ef5227466aac6b381882eb77cb4f10b9f4c58ed8181?s=96&d=mm&r=g\",\"url\":\"https:\\\/\\\/secure.gravatar.com\\\/avatar\\\/84dfc8cd9ec3f0af77f30ef5227466aac6b381882eb77cb4f10b9f4c58ed8181?s=96&d=mm&r=g\",\"contentUrl\":\"https:\\\/\\\/secure.gravatar.com\\\/avatar\\\/84dfc8cd9ec3f0af77f30ef5227466aac6b381882eb77cb4f10b9f4c58ed8181?s=96&d=mm&r=g\",\"caption\":\"Pienso, luego viajo\"}}]}<\/script>\n<!-- \/ Yoast SEO plugin. -->","yoast_head_json":{"title":"Meteora. Dos d\u00edas colgados del cielo","description":"Monasterios suspendidos en el cielo, nubes de algod\u00f3n que circundan cada elevaci\u00f3n, calma conmovedora que lo inunda todo.","robots":{"index":"index","follow":"follow","max-snippet":"max-snippet:-1","max-image-preview":"max-image-preview:large","max-video-preview":"max-video-preview:-1"},"canonical":"https:\/\/piensoluegoviajo.com\/index.php\/2022\/03\/13\/meteora-dos-dias-colgados-del-cielo\/","og_locale":"es_ES","og_type":"article","og_title":"Meteora. Dos d\u00edas colgados del cielo","og_description":"Monasterios suspendidos en el cielo, nubes de algod\u00f3n que circundan cada elevaci\u00f3n, calma conmovedora que lo inunda todo.","og_url":"https:\/\/piensoluegoviajo.com\/index.php\/2022\/03\/13\/meteora-dos-dias-colgados-del-cielo\/","og_site_name":"Pienso, luego viajo","article_publisher":"https:\/\/www.facebook.com\/Pienso-luego-viajo-2054187354896918","article_published_time":"2022-03-13T10:35:53+00:00","article_modified_time":"2025-02-03T07:11:31+00:00","og_image":[{"width":2560,"height":930,"url":"https:\/\/piensoluegoviajo.com\/wp-content\/uploads\/2022\/03\/Portada-scaled.jpg","type":"image\/jpeg"}],"author":"Pienso, luego viajo","twitter_card":"summary_large_image","twitter_misc":{"Escrito por":"Pienso, luego viajo","Tiempo de lectura":"13 minutos"},"schema":{"@context":"https:\/\/schema.org","@graph":[{"@type":"Article","@id":"https:\/\/piensoluegoviajo.com\/index.php\/2022\/03\/13\/meteora-dos-dias-colgados-del-cielo\/#article","isPartOf":{"@id":"https:\/\/piensoluegoviajo.com\/index.php\/2022\/03\/13\/meteora-dos-dias-colgados-del-cielo\/"},"author":{"name":"Pienso, luego viajo","@id":"https:\/\/piensoluegoviajo.com\/#\/schema\/person\/37b3e411611028c0a504363bb2898d45"},"headline":"Meteora. Dos d\u00edas colgados del cielo","datePublished":"2022-03-13T10:35:53+00:00","dateModified":"2025-02-03T07:11:31+00:00","mainEntityOfPage":{"@id":"https:\/\/piensoluegoviajo.com\/index.php\/2022\/03\/13\/meteora-dos-dias-colgados-del-cielo\/"},"wordCount":2016,"commentCount":6,"publisher":{"@id":"https:\/\/piensoluegoviajo.com\/#organization"},"image":{"@id":"https:\/\/piensoluegoviajo.com\/index.php\/2022\/03\/13\/meteora-dos-dias-colgados-del-cielo\/#primaryimage"},"thumbnailUrl":"https:\/\/piensoluegoviajo.com\/wp-content\/uploads\/2022\/03\/Portada-scaled.jpg","articleSection":["Destinos","Europa","Fotograf\u00eda","Grecia"],"inLanguage":"es","potentialAction":[{"@type":"CommentAction","name":"Comment","target":["https:\/\/piensoluegoviajo.com\/index.php\/2022\/03\/13\/meteora-dos-dias-colgados-del-cielo\/#respond"]}]},{"@type":"WebPage","@id":"https:\/\/piensoluegoviajo.com\/index.php\/2022\/03\/13\/meteora-dos-dias-colgados-del-cielo\/","url":"https:\/\/piensoluegoviajo.com\/index.php\/2022\/03\/13\/meteora-dos-dias-colgados-del-cielo\/","name":"Meteora. Dos d\u00edas colgados del cielo","isPartOf":{"@id":"https:\/\/piensoluegoviajo.com\/#website"},"primaryImageOfPage":{"@id":"https:\/\/piensoluegoviajo.com\/index.php\/2022\/03\/13\/meteora-dos-dias-colgados-del-cielo\/#primaryimage"},"image":{"@id":"https:\/\/piensoluegoviajo.com\/index.php\/2022\/03\/13\/meteora-dos-dias-colgados-del-cielo\/#primaryimage"},"thumbnailUrl":"https:\/\/piensoluegoviajo.com\/wp-content\/uploads\/2022\/03\/Portada-scaled.jpg","datePublished":"2022-03-13T10:35:53+00:00","dateModified":"2025-02-03T07:11:31+00:00","description":"Monasterios suspendidos en el cielo, nubes de algod\u00f3n que circundan cada elevaci\u00f3n, calma conmovedora que lo inunda todo.","breadcrumb":{"@id":"https:\/\/piensoluegoviajo.com\/index.php\/2022\/03\/13\/meteora-dos-dias-colgados-del-cielo\/#breadcrumb"},"inLanguage":"es","potentialAction":[{"@type":"ReadAction","target":["https:\/\/piensoluegoviajo.com\/index.php\/2022\/03\/13\/meteora-dos-dias-colgados-del-cielo\/"]}]},{"@type":"ImageObject","inLanguage":"es","@id":"https:\/\/piensoluegoviajo.com\/index.php\/2022\/03\/13\/meteora-dos-dias-colgados-del-cielo\/#primaryimage","url":"https:\/\/piensoluegoviajo.com\/wp-content\/uploads\/2022\/03\/Portada-scaled.jpg","contentUrl":"https:\/\/piensoluegoviajo.com\/wp-content\/uploads\/2022\/03\/Portada-scaled.jpg","width":2560,"height":930,"caption":"Meteora"},{"@type":"BreadcrumbList","@id":"https:\/\/piensoluegoviajo.com\/index.php\/2022\/03\/13\/meteora-dos-dias-colgados-del-cielo\/#breadcrumb","itemListElement":[{"@type":"ListItem","position":1,"name":"Portada","item":"https:\/\/piensoluegoviajo.com\/"},{"@type":"ListItem","position":2,"name":"Meteora. Dos d\u00edas colgados del cielo"}]},{"@type":"WebSite","@id":"https:\/\/piensoluegoviajo.com\/#website","url":"https:\/\/piensoluegoviajo.com\/","name":"Pienso, luego viajo","description":"Si no viajas, est&aacute;s perdido","publisher":{"@id":"https:\/\/piensoluegoviajo.com\/#organization"},"potentialAction":[{"@type":"SearchAction","target":{"@type":"EntryPoint","urlTemplate":"https:\/\/piensoluegoviajo.com\/?s={search_term_string}"},"query-input":{"@type":"PropertyValueSpecification","valueRequired":true,"valueName":"search_term_string"}}],"inLanguage":"es"},{"@type":"Organization","@id":"https:\/\/piensoluegoviajo.com\/#organization","name":"Pienso, luego viajo","url":"https:\/\/piensoluegoviajo.com\/","logo":{"@type":"ImageObject","inLanguage":"es","@id":"https:\/\/piensoluegoviajo.com\/#\/schema\/logo\/image\/","url":"https:\/\/piensoluegoviajo.com\/wp-content\/uploads\/2024\/02\/LogoBlog_WP.jpg","contentUrl":"https:\/\/piensoluegoviajo.com\/wp-content\/uploads\/2024\/02\/LogoBlog_WP.jpg","width":512,"height":512,"caption":"Pienso, luego viajo"},"image":{"@id":"https:\/\/piensoluegoviajo.com\/#\/schema\/logo\/image\/"},"sameAs":["https:\/\/www.facebook.com\/Pienso-luego-viajo-2054187354896918","https:\/\/instagram.com\/piensoluegoviajo","https:\/\/www.youtube.com\/@piensoluegoviajo"]},{"@type":"Person","@id":"https:\/\/piensoluegoviajo.com\/#\/schema\/person\/37b3e411611028c0a504363bb2898d45","name":"Pienso, luego viajo","image":{"@type":"ImageObject","inLanguage":"es","@id":"https:\/\/secure.gravatar.com\/avatar\/84dfc8cd9ec3f0af77f30ef5227466aac6b381882eb77cb4f10b9f4c58ed8181?s=96&d=mm&r=g","url":"https:\/\/secure.gravatar.com\/avatar\/84dfc8cd9ec3f0af77f30ef5227466aac6b381882eb77cb4f10b9f4c58ed8181?s=96&d=mm&r=g","contentUrl":"https:\/\/secure.gravatar.com\/avatar\/84dfc8cd9ec3f0af77f30ef5227466aac6b381882eb77cb4f10b9f4c58ed8181?s=96&d=mm&r=g","caption":"Pienso, luego viajo"}}]}},"_links":{"self":[{"href":"https:\/\/piensoluegoviajo.com\/index.php\/wp-json\/wp\/v2\/posts\/2235","targetHints":{"allow":["GET"]}}],"collection":[{"href":"https:\/\/piensoluegoviajo.com\/index.php\/wp-json\/wp\/v2\/posts"}],"about":[{"href":"https:\/\/piensoluegoviajo.com\/index.php\/wp-json\/wp\/v2\/types\/post"}],"author":[{"embeddable":true,"href":"https:\/\/piensoluegoviajo.com\/index.php\/wp-json\/wp\/v2\/users\/1"}],"replies":[{"embeddable":true,"href":"https:\/\/piensoluegoviajo.com\/index.php\/wp-json\/wp\/v2\/comments?post=2235"}],"version-history":[{"count":2,"href":"https:\/\/piensoluegoviajo.com\/index.php\/wp-json\/wp\/v2\/posts\/2235\/revisions"}],"predecessor-version":[{"id":3856,"href":"https:\/\/piensoluegoviajo.com\/index.php\/wp-json\/wp\/v2\/posts\/2235\/revisions\/3856"}],"wp:featuredmedia":[{"embeddable":true,"href":"https:\/\/piensoluegoviajo.com\/index.php\/wp-json\/wp\/v2\/media\/2232"}],"wp:attachment":[{"href":"https:\/\/piensoluegoviajo.com\/index.php\/wp-json\/wp\/v2\/media?parent=2235"}],"wp:term":[{"taxonomy":"category","embeddable":true,"href":"https:\/\/piensoluegoviajo.com\/index.php\/wp-json\/wp\/v2\/categories?post=2235"},{"taxonomy":"post_tag","embeddable":true,"href":"https:\/\/piensoluegoviajo.com\/index.php\/wp-json\/wp\/v2\/tags?post=2235"}],"curies":[{"name":"wp","href":"https:\/\/api.w.org\/{rel}","templated":true}]}}